{"id":5256,"date":"2024-04-02T09:09:33","date_gmt":"2024-04-02T09:09:33","guid":{"rendered":"https:\/\/filmoskopija.com\/?p=5256"},"modified":"2024-07-19T10:30:06","modified_gmt":"2024-07-19T10:30:06","slug":"za-danas-toliko-zivot-je-lijep-zivot-je-sada","status":"publish","type":"post","link":"https:\/\/filmoskopija.com\/en\/za-danas-toliko-zivot-je-lijep-zivot-je-sada\/","title":{"rendered":"Za danas toliko: \u017divot je lijep, \u017eivot je sada"},"content":{"rendered":"<div class=\"wpb-content-wrapper\"><div class=\"vc_row wpb_row vc_row-fluid\" ><div class=\"wpb_column vc_column_container vc_col-sm-12 vc_col-sm-offset-0\"><div class=\"vc_column-inner\"><div class=\"wpb_wrapper\"><div class=\"edgtf-elements-holder   edgtf-one-column  edgtf-responsive-mode-768\" ><div class=\"edgtf-eh-item\"  data-item-class=\"edgtf-eh-custom-2869\">\n\t<div class=\"edgtf-eh-item-inner\">\n\t\t<div class=\"edgtf-eh-item-content edgtf-eh-custom-2869\" >\n\t\t\t<div class=\"edgtf-separator-holder clearfix  edgtf-separator-center\">\n\t<div class=\"edgtf-separator\" style=\"border-style: dashed;width: 70%;border-bottom-width: 3px;margin-top: 30px;margin-bottom: 30px\"><\/div>\n<\/div>\n\t\t<\/div>\n\t<\/div>\n<\/div><\/div>\n\t<div class=\"wpb_text_column wpb_content_element vc_custom_1712048610060\" >\n\t\t<div class=\"wpb_wrapper\">\n\t\t\t<p style=\"text-align: center;\"><strong>Kritika filma <em>Za danas toliko<\/em><\/strong><\/p>\n\n\t\t<\/div>\n\t<\/div>\n<div class=\"edgtf-elements-holder   edgtf-one-column  edgtf-responsive-mode-768\" ><div class=\"edgtf-eh-item\"  data-item-class=\"edgtf-eh-custom-9249\">\n\t<div class=\"edgtf-eh-item-inner\">\n\t\t<div class=\"edgtf-eh-item-content edgtf-eh-custom-9249\" >\n\t\t\t<div class=\"edgtf-separator-holder clearfix  edgtf-separator-center\">\n\t<div class=\"edgtf-separator\" style=\"border-style: dashed;width: 70%;border-bottom-width: 3px;margin-top: 30px;margin-bottom: 15px\"><\/div>\n<\/div>\n\t\t<\/div>\n\t<\/div>\n<\/div><\/div><div class=\"edgtf-elements-holder article-body-boxed  edgtf-one-column  edgtf-responsive-mode-768\" ><div class=\"edgtf-eh-item\"  data-item-class=\"edgtf-eh-custom-7921\">\n\t<div class=\"edgtf-eh-item-inner\">\n\t\t<div class=\"edgtf-eh-item-content edgtf-eh-custom-7921\" >\n\t\t\t\n\t<div class=\"wpb_text_column wpb_content_element\" >\n\t\t<div class=\"wpb_wrapper\">\n\t\t\t<p style=\"text-align: center;\"><strong>NASLOV: Za danas toliko \/ SCENARIO I RE\u017dIJA: Marko \u0110or\u0111evi\u0107 \/ ULOGE: Filip \u0110uri\u0107, Ivana Vukovi\u0107, Nikola Rako\u010devi\u0107, Goran Bogdan, Miona Pejakovi\u0107, Milica Jovanovi\u0107 i dr. \/ TRAJANJE: 105\u2019 \/ DR\u017dAVA: Srbija \/ GODINA: 2024.<\/strong><\/p>\n<p>&nbsp;<\/p>\n<p><em>Za danas toliko<\/em>, \u010dija je premijera nedavno odr\u017eana na ovogodi\u0161njem, <a href=\"https:\/\/www.fest.rs\/program\/filmovi\/za-danas-toliko\">52. FEST-u<\/a>, jedan je od najautenti\u010dnijih srpskih filmova decenije, pa ne \u010dudi ni odu\u0161evljenje publike, a ni \u010dinjenica da je film Marka \u0110or\u0111evi\u0107a sa FEST-a poneo <em>Politikinu<\/em> nagradu <em>Milutin \u010coli\u0107<\/em> za najbolji srpski film.<\/p>\n<p>Reditelj koji nam je ve\u0107 poznat po filmu sli\u010dnog humora, <a href=\"https:\/\/www.imdb.com\/title\/tt8403038\/\"><em>Moj jutarnji smeh<\/em><\/a><em>, <\/em>iznova potvr\u0111uje snala\u017eljivost izme\u0111u komi\u010dnog i tragi\u010dnog; snala\u017eljivost kojom odi\u0161u njegovi filmovi, ali ne i njihovi akteri. Moca (Filip \u0110uri\u0107), Vaske (Nikola Rako\u010devi\u0107) i Vi\u0161nja (Ivana Vukovi\u0107) su dva brata i sestra kojima se \u017eivot odraslih, izgleda, naglo i neo\u010dekivano dogodio, a kroz koji oni uspe\u0161no plivaju\u2026 na mi\u0161i\u0107e. Ovo troje odrasle dece koji prioritizuju \u010dupavce i preferiraju nadimke umesto imena kriju i emotivno kompleksne situacije poput suo\u010davanja sa smr\u0107u, anksioznosti (od vo\u017enje, pred ispit), koje reditelj otkriva isto onoliko pa\u017eljivo koliko ih je i zata\u0161kao. Ve\u0107 je od filma <em>Moj jutarnji smeh <\/em>bilo jasno da \u0110or\u0111evi\u0107a zanimaju svakodnevne situacije u kojima bi svi, a pogotovo odrasli, ve\u0107 trebalo da su profesionalci. Me\u0111utim, potpuna zale\u0111enost \u0110or\u0111evi\u0107evih likova pred naizgled banalnim situacijama slu\u017ei kao komi\u010dno olak\u0161anje: na isti na\u010din na koji nam je bliska Dejanova (\u0110uri\u0107) socijalna nesna\u0111enost u <em>Mom jutarnjem smehu<\/em>, bliska nam je i Mocina spontanost. Sli\u010dnom neposredno\u0161\u0107u, ali i gluma\u010dkim profesionalizmom, pleni svaki lik-glumac iz <em>Za danas toliko<\/em>, a \u010dini se i da je te\u017ei\u0161te samog filma rad sa glumcima \u2013 u potpunosti prirodan, kao da se radi o statistima i natur\u0161\u010dicima. Stoga ne iznena\u0111uje odavanje po\u010dasti glumi i pozori\u0161tu u sceni komemoracije za Kiku, lik koji je oma\u017e <a href=\"https:\/\/sr.wikipedia.org\/sr-el\/%D0%A1%D0%BB%D0%B0%D0%B2%D0%B8%D1%86%D0%B0_%D0%A3%D1%80%D0%BE%D1%88%D0%B5%D0%B2%D0%B8%D1%9B\">Slavici Uro\u0161evi\u0107 Slaji<\/a>. Ova scena predstavlja stapanje dokumentarnog i fiktivnog, budu\u0107i da su statisti, a i neki od glumaca, zaista prisustvovali onda\u0161njoj komemoraciji u \u010dast Slaje. Pored sale Doma omladine i kragujeva\u010dkih tablica, Kragujevac je, iako i s\u00e2m jedan od likova, skriven u neglamuroznu letnju svakodnevicu veoma pa\u017eljivo odabranih detalja poput rasparenih ba\u0161tenskih stolica. I \u0110or\u0111evi\u0107ev dijalog je rasparen kreativnim vizuelnim re\u0161enjima i pomo\u0107u izvanrednog dizajna zvuka koji doprinosi realisti\u010dnosti filma. Tako, na primer, dok \u010dujemo Mocinu \u0107erku (Miona Pejkovi\u0107) i kumu (Darija Ne\u0161i\u0107) kako razgovaraju van kadra, paralelno \u010dujemo (i vidimo) Mocu koji se raspravlja sam sa sobom, dok nervozno poku\u0161ava da upali auto od kog ima strah.<\/p>\n<p>Bilo da se radi o bezazlenim situacijama ili onim ozbiljnim, poput scene u kojoj kum (Goran Bogdan) kona\u010dno pita Mocu o smrti njegove \u017eene, reditelj fizi\u010dkom komedijom ili preteranim, zbunjenim trabunjanjem, iznova ube\u0111uje publiku da \u0107e sve biti u redu. U <em>Za danas toliko<\/em>, sve na kraju i bude u redu: u filmu na \u010dijem posteru svi hodaju ka suncu, filmu \u010dije su izrazito tople boje poput filtera ru\u017ei\u010dastih nao\u010dara, filmu u kom se stalno peva i u kom je vrhunac svega, naizgled, dolazak struje u lokalnoj kafani, sve, ali ba\u0161 sve, razre\u0161ava se pozitivno. Takav ishod situacija, kao i scene u kojima nas reditelj podse\u0107a na vreme u kom je bilo bezbri\u017eno ostaviti svoje dete da se igra u tu\u0111em dvori\u0161tu, neophodne su u kontekstu turbulentne i zastra\u0161uju\u0107e, nasiljem zaga\u0111ene dana\u0161njice.<\/p>\n<p><em>Za danas toliko <\/em>ne samo da se bori protiv trenutne ne\u010distote sveta ve\u0107 je, emotivnom slo\u017eeno\u0161\u0107u likova izaziva, izazivaju\u0107i u isto vreme kod gledaoca odre\u0111eni vid katarze (i zaista, ve\u0107inski deo publike na premijeri, do kraja filma, pla\u010de). Ova katarza mo\u017eda se ogleda u kona\u010dnom shvatanju rediteljeve poruke, a koja se krije u tekstu jedne od pesama-likova \u0110or\u0111evi\u0107evog filma, pesmi Kemala Montena \u010diji tekst izme\u0111u ostalog glasi: <em>\u017divot je lijep, \u017eivot je sada<\/em>.<\/p>\n<p>&nbsp;<\/p>\n<hr \/>\n<p><img decoding=\"async\" class=\"wp-image-5413 alignleft\" src=\"https:\/\/filmoskopija.com\/wp-content\/uploads\/2024\/06\/saa-otgwnjq2otc5.png\" alt=\"\" width=\"150\" height=\"48\" srcset=\"https:\/\/filmoskopija.com\/wp-content\/uploads\/2024\/06\/saa-otgwnjq2otc5.png 288w, https:\/\/filmoskopija.com\/wp-content\/uploads\/2024\/06\/saa-otgwnjq2otc5-18x6.png 18w\" sizes=\"(max-width: 150px) 100vw, 150px\" \/><\/p>\n<p><em>\u00a0 \u00a0Tekst je nastao zahvaljuju\u0107i podr\u0161ci udru\u017eenja UFUS AFA Za\u0161tita koje je podr\u017ealo projekat \u201eFilmoskopija\u201c na Konkursu za kulturna davanja za 2024. godinu.<\/em><\/p>\n<p>Fotografija iz filma <em>Za danas toliko<\/em>: FEST Promo.<\/p>\n\n\t\t<\/div>\n\t<\/div>\n\t\t<\/div>\n\t<\/div>\n<\/div><\/div><\/div><\/div><\/div><\/div>\n<\/div>","protected":false},"excerpt":{"rendered":"Kritika filma Za danas toliko NASLOV: Za danas toliko [...]","protected":false},"author":2,"featured_media":5257,"comment_status":"closed","ping_status":"closed","sticky":false,"template":"","format":"standard","meta":{"footnotes":""},"categories":[73],"tags":[102,103,92,89,104,101,106,105,100],"class_list":["post-5256","post","type-post","status-publish","format-standard","has-post-thumbnail","hentry","category-kritike","tag-fest-beograd","tag-filip-djuric","tag-filmoskopija","tag-filmska-kritika","tag-ivana-vukovic","tag-marko-djordjevic","tag-moj-jutarnji-smeh","tag-nikola-rakocevic","tag-za-danas-toliko"],"yoast_head":"<!-- This site is optimized with the Yoast SEO plugin v26.6 - https:\/\/yoast.com\/wordpress\/plugins\/seo\/ -->\n<title>Za danas toliko: \u017divot je lijep, \u017eivot je sada - Filmoskopija<\/title>\n<meta name=\"description\" content=\"Za danas toliko, ne samo da se bori protiv trenutne ne\u010distote sveta, ve\u0107 je, emotivnom slo\u017eeno\u0161\u0107u likova izaziva, izazivaju\u0107i u isto vreme kod gledaoca odre\u0111eni vid katarze. Ova katarza mo\u017eda se ogleda u kona\u010dnom shvatanju rediteljeve poruke, a koja se krije u tekstu jedne od pesama-likova \u0110or\u0111evi\u0107evog filma, pesmi Kemala Montena \u010diji tekst, izme\u0111u ostalog glasi: \u017divot je lijep, \u017eivot je sada.\" \/>\n<meta name=\"robots\" content=\"index, follow, max-snippet:-1, max-image-preview:large, max-video-preview:-1\" \/>\n<link rel=\"canonical\" href=\"https:\/\/filmoskopija.com\/en\/za-danas-toliko-zivot-je-lijep-zivot-je-sada\/\" \/>\n<meta property=\"og:locale\" content=\"en_US\" \/>\n<meta property=\"og:type\" content=\"article\" \/>\n<meta property=\"og:title\" content=\"Za danas toliko: \u017divot je lijep, \u017eivot je sada - Filmoskopija\" \/>\n<meta property=\"og:description\" content=\"Za danas toliko, ne samo da se bori protiv trenutne ne\u010distote sveta, ve\u0107 je, emotivnom slo\u017eeno\u0161\u0107u likova izaziva, izazivaju\u0107i u isto vreme kod gledaoca odre\u0111eni vid katarze. Ova katarza mo\u017eda se ogleda u kona\u010dnom shvatanju rediteljeve poruke, a koja se krije u tekstu jedne od pesama-likova \u0110or\u0111evi\u0107evog filma, pesmi Kemala Montena \u010diji tekst, izme\u0111u ostalog glasi: \u017divot je lijep, \u017eivot je sada.\" \/>\n<meta property=\"og:url\" content=\"https:\/\/filmoskopija.com\/en\/za-danas-toliko-zivot-je-lijep-zivot-je-sada\/\" \/>\n<meta property=\"og:site_name\" content=\"Filmoskopija\" \/>\n<meta property=\"article:published_time\" content=\"2024-04-02T09:09:33+00:00\" \/>\n<meta property=\"article:modified_time\" content=\"2024-07-19T10:30:06+00:00\" \/>\n<meta property=\"og:image\" content=\"https:\/\/filmoskopija.com\/wp-content\/uploads\/2024\/04\/za_danas_toliko_02.jpg\" \/>\n\t<meta property=\"og:image:width\" content=\"2500\" \/>\n\t<meta property=\"og:image:height\" content=\"1250\" \/>\n\t<meta property=\"og:image:type\" content=\"image\/jpeg\" \/>\n<meta name=\"author\" content=\"Pavla Banjac\" \/>\n<meta name=\"twitter:card\" content=\"summary_large_image\" \/>\n<meta name=\"twitter:label1\" content=\"Written by\" \/>\n\t<meta name=\"twitter:data1\" content=\"Pavla Banjac\" \/>\n\t<meta name=\"twitter:label2\" content=\"Est. reading time\" \/>\n\t<meta name=\"twitter:data2\" content=\"4 minutes\" \/>\n<script type=\"application\/ld+json\" class=\"yoast-schema-graph\">{\"@context\":\"https:\/\/schema.org\",\"@graph\":[{\"@type\":\"WebPage\",\"@id\":\"https:\/\/filmoskopija.com\/za-danas-toliko-zivot-je-lijep-zivot-je-sada\/\",\"url\":\"https:\/\/filmoskopija.com\/za-danas-toliko-zivot-je-lijep-zivot-je-sada\/\",\"name\":\"Za danas toliko: \u017divot je lijep, \u017eivot je sada - Filmoskopija\",\"isPartOf\":{\"@id\":\"https:\/\/filmoskopija.com\/#website\"},\"primaryImageOfPage\":{\"@id\":\"https:\/\/filmoskopija.com\/za-danas-toliko-zivot-je-lijep-zivot-je-sada\/#primaryimage\"},\"image\":{\"@id\":\"https:\/\/filmoskopija.com\/za-danas-toliko-zivot-je-lijep-zivot-je-sada\/#primaryimage\"},\"thumbnailUrl\":\"https:\/\/filmoskopija.com\/wp-content\/uploads\/2024\/04\/za_danas_toliko_02.jpg\",\"datePublished\":\"2024-04-02T09:09:33+00:00\",\"dateModified\":\"2024-07-19T10:30:06+00:00\",\"author\":{\"@id\":\"https:\/\/filmoskopija.com\/#\/schema\/person\/5961837bb042d08b419657afaf7e6505\"},\"description\":\"Za danas toliko, ne samo da se bori protiv trenutne ne\u010distote sveta, ve\u0107 je, emotivnom slo\u017eeno\u0161\u0107u likova izaziva, izazivaju\u0107i u isto vreme kod gledaoca odre\u0111eni vid katarze. Ova katarza mo\u017eda se ogleda u kona\u010dnom shvatanju rediteljeve poruke, a koja se krije u tekstu jedne od pesama-likova \u0110or\u0111evi\u0107evog filma, pesmi Kemala Montena \u010diji tekst, izme\u0111u ostalog glasi: \u017divot je lijep, \u017eivot je sada.\",\"breadcrumb\":{\"@id\":\"https:\/\/filmoskopija.com\/za-danas-toliko-zivot-je-lijep-zivot-je-sada\/#breadcrumb\"},\"inLanguage\":\"en-US\",\"potentialAction\":[{\"@type\":\"ReadAction\",\"target\":[\"https:\/\/filmoskopija.com\/za-danas-toliko-zivot-je-lijep-zivot-je-sada\/\"]}]},{\"@type\":\"ImageObject\",\"inLanguage\":\"en-US\",\"@id\":\"https:\/\/filmoskopija.com\/za-danas-toliko-zivot-je-lijep-zivot-je-sada\/#primaryimage\",\"url\":\"https:\/\/filmoskopija.com\/wp-content\/uploads\/2024\/04\/za_danas_toliko_02.jpg\",\"contentUrl\":\"https:\/\/filmoskopija.com\/wp-content\/uploads\/2024\/04\/za_danas_toliko_02.jpg\",\"width\":2500,\"height\":1250,\"caption\":\"za danas toliko\"},{\"@type\":\"BreadcrumbList\",\"@id\":\"https:\/\/filmoskopija.com\/za-danas-toliko-zivot-je-lijep-zivot-je-sada\/#breadcrumb\",\"itemListElement\":[{\"@type\":\"ListItem\",\"position\":1,\"name\":\"Home\",\"item\":\"https:\/\/filmoskopija.com\/\"},{\"@type\":\"ListItem\",\"position\":2,\"name\":\"Za danas toliko: \u017divot je lijep, \u017eivot je sada\"}]},{\"@type\":\"WebSite\",\"@id\":\"https:\/\/filmoskopija.com\/#website\",\"url\":\"https:\/\/filmoskopija.com\/\",\"name\":\"Filmoskopija\",\"description\":\"Filmske kritike, eseji, intervjui i vesti.\",\"potentialAction\":[{\"@type\":\"SearchAction\",\"target\":{\"@type\":\"EntryPoint\",\"urlTemplate\":\"https:\/\/filmoskopija.com\/?s={search_term_string}\"},\"query-input\":{\"@type\":\"PropertyValueSpecification\",\"valueRequired\":true,\"valueName\":\"search_term_string\"}}],\"inLanguage\":\"en-US\"},{\"@type\":\"Person\",\"@id\":\"https:\/\/filmoskopija.com\/#\/schema\/person\/5961837bb042d08b419657afaf7e6505\",\"name\":\"Pavla Banjac\",\"image\":{\"@type\":\"ImageObject\",\"inLanguage\":\"en-US\",\"@id\":\"https:\/\/filmoskopija.com\/#\/schema\/person\/image\/\",\"url\":\"https:\/\/secure.gravatar.com\/avatar\/ac7112b40e770a8cdc889a794618ce54cfe3c3cfec638ca9b24cf8c320615e7c?s=96&d=mm&r=g\",\"contentUrl\":\"https:\/\/secure.gravatar.com\/avatar\/ac7112b40e770a8cdc889a794618ce54cfe3c3cfec638ca9b24cf8c320615e7c?s=96&d=mm&r=g\",\"caption\":\"Pavla Banjac\"},\"description\":\"Pavla Banjac ro\u0111ena je 1999. godine u Novom Sadu. Osnovne studije engleskog jezika i knji\u017eevnosti zavr\u0161ila je na Filozofskom fakultetu na kom trenutno poha\u0111a master studije iz knji\u017eevnosti i prevo\u0111enja. \u010clan je kolektiva Art bioskopa i jedan od organizatora filmskih ciklusa i podkasta u sklopu CK13. Bila je polaznica radionice za mlade kriti\u010dare u organizaciji Mre\u017ee festivala Jadranske regije, nakon koje je radila i kao deo press tima na Filmskom festivalu u Sarajevu. Moderirala je razgovore sa vi\u0161e autora na Festivalu autorskog filma i jedna je od urednica \u017eurnala i kataloga tog festivala. Radi kao prevodilac u Novom Sadu.\",\"url\":\"https:\/\/filmoskopija.com\/en\/author\/pavla_banjac\/\"}]}<\/script>\n<!-- \/ Yoast SEO plugin. -->","yoast_head_json":{"title":"Za danas toliko: \u017divot je lijep, \u017eivot je sada - Filmoskopija","description":"Za danas toliko, ne samo da se bori protiv trenutne ne\u010distote sveta, ve\u0107 je, emotivnom slo\u017eeno\u0161\u0107u likova izaziva, izazivaju\u0107i u isto vreme kod gledaoca odre\u0111eni vid katarze. Ova katarza mo\u017eda se ogleda u kona\u010dnom shvatanju rediteljeve poruke, a koja se krije u tekstu jedne od pesama-likova \u0110or\u0111evi\u0107evog filma, pesmi Kemala Montena \u010diji tekst, izme\u0111u ostalog glasi: \u017divot je lijep, \u017eivot je sada.","robots":{"index":"index","follow":"follow","max-snippet":"max-snippet:-1","max-image-preview":"max-image-preview:large","max-video-preview":"max-video-preview:-1"},"canonical":"https:\/\/filmoskopija.com\/en\/za-danas-toliko-zivot-je-lijep-zivot-je-sada\/","og_locale":"en_US","og_type":"article","og_title":"Za danas toliko: \u017divot je lijep, \u017eivot je sada - Filmoskopija","og_description":"Za danas toliko, ne samo da se bori protiv trenutne ne\u010distote sveta, ve\u0107 je, emotivnom slo\u017eeno\u0161\u0107u likova izaziva, izazivaju\u0107i u isto vreme kod gledaoca odre\u0111eni vid katarze. Ova katarza mo\u017eda se ogleda u kona\u010dnom shvatanju rediteljeve poruke, a koja se krije u tekstu jedne od pesama-likova \u0110or\u0111evi\u0107evog filma, pesmi Kemala Montena \u010diji tekst, izme\u0111u ostalog glasi: \u017divot je lijep, \u017eivot je sada.","og_url":"https:\/\/filmoskopija.com\/en\/za-danas-toliko-zivot-je-lijep-zivot-je-sada\/","og_site_name":"Filmoskopija","article_published_time":"2024-04-02T09:09:33+00:00","article_modified_time":"2024-07-19T10:30:06+00:00","og_image":[{"width":2500,"height":1250,"url":"https:\/\/filmoskopija.com\/wp-content\/uploads\/2024\/04\/za_danas_toliko_02.jpg","type":"image\/jpeg"}],"author":"Pavla Banjac","twitter_card":"summary_large_image","twitter_misc":{"Written by":"Pavla Banjac","Est. reading time":"4 minutes"},"schema":{"@context":"https:\/\/schema.org","@graph":[{"@type":"WebPage","@id":"https:\/\/filmoskopija.com\/za-danas-toliko-zivot-je-lijep-zivot-je-sada\/","url":"https:\/\/filmoskopija.com\/za-danas-toliko-zivot-je-lijep-zivot-je-sada\/","name":"Za danas toliko: \u017divot je lijep, \u017eivot je sada - Filmoskopija","isPartOf":{"@id":"https:\/\/filmoskopija.com\/#website"},"primaryImageOfPage":{"@id":"https:\/\/filmoskopija.com\/za-danas-toliko-zivot-je-lijep-zivot-je-sada\/#primaryimage"},"image":{"@id":"https:\/\/filmoskopija.com\/za-danas-toliko-zivot-je-lijep-zivot-je-sada\/#primaryimage"},"thumbnailUrl":"https:\/\/filmoskopija.com\/wp-content\/uploads\/2024\/04\/za_danas_toliko_02.jpg","datePublished":"2024-04-02T09:09:33+00:00","dateModified":"2024-07-19T10:30:06+00:00","author":{"@id":"https:\/\/filmoskopija.com\/#\/schema\/person\/5961837bb042d08b419657afaf7e6505"},"description":"Za danas toliko, ne samo da se bori protiv trenutne ne\u010distote sveta, ve\u0107 je, emotivnom slo\u017eeno\u0161\u0107u likova izaziva, izazivaju\u0107i u isto vreme kod gledaoca odre\u0111eni vid katarze. Ova katarza mo\u017eda se ogleda u kona\u010dnom shvatanju rediteljeve poruke, a koja se krije u tekstu jedne od pesama-likova \u0110or\u0111evi\u0107evog filma, pesmi Kemala Montena \u010diji tekst, izme\u0111u ostalog glasi: \u017divot je lijep, \u017eivot je sada.","breadcrumb":{"@id":"https:\/\/filmoskopija.com\/za-danas-toliko-zivot-je-lijep-zivot-je-sada\/#breadcrumb"},"inLanguage":"en-US","potentialAction":[{"@type":"ReadAction","target":["https:\/\/filmoskopija.com\/za-danas-toliko-zivot-je-lijep-zivot-je-sada\/"]}]},{"@type":"ImageObject","inLanguage":"en-US","@id":"https:\/\/filmoskopija.com\/za-danas-toliko-zivot-je-lijep-zivot-je-sada\/#primaryimage","url":"https:\/\/filmoskopija.com\/wp-content\/uploads\/2024\/04\/za_danas_toliko_02.jpg","contentUrl":"https:\/\/filmoskopija.com\/wp-content\/uploads\/2024\/04\/za_danas_toliko_02.jpg","width":2500,"height":1250,"caption":"za danas toliko"},{"@type":"BreadcrumbList","@id":"https:\/\/filmoskopija.com\/za-danas-toliko-zivot-je-lijep-zivot-je-sada\/#breadcrumb","itemListElement":[{"@type":"ListItem","position":1,"name":"Home","item":"https:\/\/filmoskopija.com\/"},{"@type":"ListItem","position":2,"name":"Za danas toliko: \u017divot je lijep, \u017eivot je sada"}]},{"@type":"WebSite","@id":"https:\/\/filmoskopija.com\/#website","url":"https:\/\/filmoskopija.com\/","name":"Filmoskopija","description":"Filmske kritike, eseji, intervjui i vesti.","potentialAction":[{"@type":"SearchAction","target":{"@type":"EntryPoint","urlTemplate":"https:\/\/filmoskopija.com\/?s={search_term_string}"},"query-input":{"@type":"PropertyValueSpecification","valueRequired":true,"valueName":"search_term_string"}}],"inLanguage":"en-US"},{"@type":"Person","@id":"https:\/\/filmoskopija.com\/#\/schema\/person\/5961837bb042d08b419657afaf7e6505","name":"Pavla Banjac","image":{"@type":"ImageObject","inLanguage":"en-US","@id":"https:\/\/filmoskopija.com\/#\/schema\/person\/image\/","url":"https:\/\/secure.gravatar.com\/avatar\/ac7112b40e770a8cdc889a794618ce54cfe3c3cfec638ca9b24cf8c320615e7c?s=96&d=mm&r=g","contentUrl":"https:\/\/secure.gravatar.com\/avatar\/ac7112b40e770a8cdc889a794618ce54cfe3c3cfec638ca9b24cf8c320615e7c?s=96&d=mm&r=g","caption":"Pavla Banjac"},"description":"Pavla Banjac ro\u0111ena je 1999. godine u Novom Sadu. Osnovne studije engleskog jezika i knji\u017eevnosti zavr\u0161ila je na Filozofskom fakultetu na kom trenutno poha\u0111a master studije iz knji\u017eevnosti i prevo\u0111enja. \u010clan je kolektiva Art bioskopa i jedan od organizatora filmskih ciklusa i podkasta u sklopu CK13. Bila je polaznica radionice za mlade kriti\u010dare u organizaciji Mre\u017ee festivala Jadranske regije, nakon koje je radila i kao deo press tima na Filmskom festivalu u Sarajevu. Moderirala je razgovore sa vi\u0161e autora na Festivalu autorskog filma i jedna je od urednica \u017eurnala i kataloga tog festivala. Radi kao prevodilac u Novom Sadu.","url":"https:\/\/filmoskopija.com\/en\/author\/pavla_banjac\/"}]}},"_links":{"self":[{"href":"https:\/\/filmoskopija.com\/en\/wp-json\/wp\/v2\/posts\/5256","targetHints":{"allow":["GET"]}}],"collection":[{"href":"https:\/\/filmoskopija.com\/en\/wp-json\/wp\/v2\/posts"}],"about":[{"href":"https:\/\/filmoskopija.com\/en\/wp-json\/wp\/v2\/types\/post"}],"author":[{"embeddable":true,"href":"https:\/\/filmoskopija.com\/en\/wp-json\/wp\/v2\/users\/2"}],"replies":[{"embeddable":true,"href":"https:\/\/filmoskopija.com\/en\/wp-json\/wp\/v2\/comments?post=5256"}],"version-history":[{"count":6,"href":"https:\/\/filmoskopija.com\/en\/wp-json\/wp\/v2\/posts\/5256\/revisions"}],"predecessor-version":[{"id":5420,"href":"https:\/\/filmoskopija.com\/en\/wp-json\/wp\/v2\/posts\/5256\/revisions\/5420"}],"wp:featuredmedia":[{"embeddable":true,"href":"https:\/\/filmoskopija.com\/en\/wp-json\/wp\/v2\/media\/5257"}],"wp:attachment":[{"href":"https:\/\/filmoskopija.com\/en\/wp-json\/wp\/v2\/media?parent=5256"}],"wp:term":[{"taxonomy":"category","embeddable":true,"href":"https:\/\/filmoskopija.com\/en\/wp-json\/wp\/v2\/categories?post=5256"},{"taxonomy":"post_tag","embeddable":true,"href":"https:\/\/filmoskopija.com\/en\/wp-json\/wp\/v2\/tags?post=5256"}],"curies":[{"name":"wp","href":"https:\/\/api.w.org\/{rel}","templated":true}]}}