{"id":5507,"date":"2024-10-03T03:41:51","date_gmt":"2024-10-03T03:41:51","guid":{"rendered":"https:\/\/filmoskopija.com\/?p=5507"},"modified":"2024-10-11T07:36:05","modified_gmt":"2024-10-11T07:36:05","slug":"vanja-hovan-novi-sad-film-festival-dozivljavamo-kao-igraliste","status":"publish","type":"post","link":"https:\/\/filmoskopija.com\/en\/vanja-hovan-novi-sad-film-festival-dozivljavamo-kao-igraliste\/","title":{"rendered":"Vanja Hovan: \u201eNovi Sad Film Festival do\u017eivljavamo kao igrali\u0161te\u201c"},"content":{"rendered":"<div class=\"wpb-content-wrapper\"><div class=\"vc_row wpb_row vc_row-fluid\" ><div class=\"wpb_column vc_column_container vc_col-sm-12 vc_col-sm-offset-0\"><div class=\"vc_column-inner\"><div class=\"wpb_wrapper\"><div class=\"edgtf-elements-holder   edgtf-one-column  edgtf-responsive-mode-768\" ><div class=\"edgtf-eh-item\"  data-item-class=\"edgtf-eh-custom-2670\">\n\t<div class=\"edgtf-eh-item-inner\">\n\t\t<div class=\"edgtf-eh-item-content edgtf-eh-custom-2670\" >\n\t\t\t<div class=\"edgtf-separator-holder clearfix  edgtf-separator-center\">\n\t<div class=\"edgtf-separator\" style=\"border-style: dashed;width: 70%;border-bottom-width: 3px;margin-top: 30px;margin-bottom: 30px\"><\/div>\n<\/div>\n\t\t<\/div>\n\t<\/div>\n<\/div><\/div>\n\t<div class=\"wpb_text_column wpb_content_element vc_custom_1727925491267\" >\n\t\t<div class=\"wpb_wrapper\">\n\t\t\t<p style=\"text-align: center;\"><strong>Intervju sa Vanjom Hovanom, direktorom Novi Sad Film Festivala<\/strong><\/p>\n\n\t\t<\/div>\n\t<\/div>\n<div class=\"edgtf-elements-holder   edgtf-one-column  edgtf-responsive-mode-768\" ><div class=\"edgtf-eh-item\"  data-item-class=\"edgtf-eh-custom-3301\">\n\t<div class=\"edgtf-eh-item-inner\">\n\t\t<div class=\"edgtf-eh-item-content edgtf-eh-custom-3301\" >\n\t\t\t<div class=\"edgtf-separator-holder clearfix  edgtf-separator-center\">\n\t<div class=\"edgtf-separator\" style=\"border-style: dashed;width: 70%;border-bottom-width: 3px;margin-top: 30px;margin-bottom: 15px\"><\/div>\n<\/div>\n\t\t<\/div>\n\t<\/div>\n<\/div><\/div><div class=\"edgtf-elements-holder article-body-boxed  edgtf-one-column  edgtf-responsive-mode-768\" ><div class=\"edgtf-eh-item\"  data-item-class=\"edgtf-eh-custom-3525\">\n\t<div class=\"edgtf-eh-item-inner\">\n\t\t<div class=\"edgtf-eh-item-content edgtf-eh-custom-3525\" >\n\t\t\t\n\t<div class=\"wpb_text_column wpb_content_element\" >\n\t\t<div class=\"wpb_wrapper\">\n\t\t\t<p>Vanja Hovan<em>, <\/em>autor igranog filma <em>Grande Punto<\/em> (2018), od pro\u0161le godine je i osniva\u010d-direktor <a href=\"https:\/\/nsff.rs\/\">Novi Sad Film Festivala<\/a>, internacionalnog takmi\u010darskog festivala prvog i drugog filma. Pred kraj ovogodi\u0161njeg izdanja (18-22. septembar), na kome je nagrada za najbolji film dodeljena filmu <em>Njeno telo<\/em> (<em>Her Body<\/em>, Natali Cisarovska, 2023), sa Hovanom smo razgovarali o nastanku festivala, njegovom doprinosu doma\u0107oj filmskoj sceni, kao i o fokusu na mladu, srednjo\u0161kolsku i studentsku novosadsku publiku.<\/p>\n<p><strong>\u00a0<\/strong><\/p>\n<p><strong>Beogradski filmski festivali postoje ve\u0107 nekoliko decenija. Zbog \u010dega to nije slu\u010daj u Novom Sadu i \u0161ta je bila inicijativa za kona\u010dno pokretanje filmskog festivala igranog filma u Novom Sadu?<\/strong><\/p>\n<p>Ne bih stvar nazvao \u201ekona\u010dnim pokretanjem\u201c. Novi Sad je i ranije imao filmske festivale ve\u0107eg formata, ali to svakako jeste dobro pitanje. \u010cinjenica je da je gradu bio potreban festival sli\u010dan NSFF-u. U toj atmosferi, na\u0161a ideja i na\u0161 koncept dobili su \u0161ansu.<\/p>\n<p>&nbsp;<\/p>\n<p><strong>Da li je festival nastao iz potrebe da se stvori odre\u0111ena publika ili je ta publika ve\u0107 postojala?<\/strong><\/p>\n<p>Deo publike sigurno jeste postojao. Novosa\u0111ani, iako ponekad stidljivi, jesu po\u0161tovaoci kulture, pogotovo filmske. Na\u0161 zadatak je da im pru\u017eimo sve\u017e sadr\u017eaj zbog kog bi mogli ponovo da do\u0111u u bioskope, ali i da izgradimo novu, mladu publiku, koja tek treba da oformi odnos prema filmu. To gradimo i kroz studentsku, a naro\u010dito kroz srednjo\u0161kolsku selekciju, zbog kojih smo veoma uzbu\u0111eni i ponosni. Njihova energija je neopisiva. Znaju da prepoznaju, uva\u017ee i iskreno u\u010destvuju u pa\u017enji koju im pru\u017eamo, a vra\u0107aju je mnogostruko. To smo svi osetili za vreme festivala, a mo\u017eda najvi\u0161e na ceremoniji dodele nagrada.<\/p>\n<p>&nbsp;<\/p>\n<p><strong>Me\u0111u brojnim nagradama koje dodeljujete isti\u010de se ona za doprinos doma\u0107oj kinematografiji. Da li je i ideja samog festivala da doprinose doma\u0107oj kinematografiji?<\/strong><\/p>\n<p>Naravno. Mi smo odrasli u ovoj kulturi. Bave\u0107i se filmom, u\u010dili smo i slu\u0161ali o svetskoj kinematografiji. Sada imamo \u0161ansu da deo tog filmskog sveta dovedemo u Novi Sad, da ga direktno osetimo, ali i da na taj na\u010din predstavimo na\u0161u kinematografiju. Imamo priliku da uporedimo svetsku sa na\u0161om kinematografijom i poku\u0161amo da napravimo atmosferu za zajedni\u010dki razvoj. Danas je svetsko tr\u017ei\u0161te mnogo vi\u0161e usmereno ka globalnom. Meni se to dopada i mislim da to treba iskoristiti, ali ne mislim da treba zanemariti svoje kulturno nasle\u0111e. Naprotiv, smatram da treba iskoristiti ovaj momenat i na\u0161u kinematografiju plasirati jo\u0161 vi\u0161e u svetu. Pored laureata za doprinos nacionalnoj kinematografiji, uvek imamo i jedan doma\u0107i film u takmi\u010darskoj internacionalnoj selekciji, ali i revijalnu selekciju \u201eA sad novi\u201c koja jo\u0161 vi\u0161e lokalizuje stvar i promovi\u0161e novosadsku kinematografiju. Sve to gledaju gosti i u\u010desnici festivala koji dolaze iz inostranstva i te utiske nose sa sobom.<\/p>\n<p>&nbsp;<\/p>\n<p><strong>U ovogodi\u0161njoj seleciji na\u0161li su se i filmovi iz Indije, Saudijske Arabije, Irana&#8230; Da li uvr\u0161tavanjem filmova iz zemalja koje su u na\u0161em regionu manje zastupljene poku\u0161avate da nadomestite prazninu u filmskom programu koji nam je dostupan?<\/strong><\/p>\n<p>Ne mislim da je u pitanju filmska praznina. Imam utisak da u dana\u0161njem dru\u0161tvu praznina mo\u017ee da postoji samo emotivno, sadr\u017eajno ne. To mo\u017ee da bude i nastavak prethodnog odgovora. Mislim da je svet danas \u201eglobalniji\u201c nego ikada. Na konzumentu je da odabere \u0161ta \u017eeli da konzumira, a to u gomili svega mo\u017ee da bude izazovno i podlo\u017eno manipulaciji. Mi \u017eelimo da ponudimo sadr\u017eaj za koji mislimo da je istovremeno komercijalno zabavan i autorski kvalitetan, a koji, ako ga mi ne dovedemo, nikad ne\u0107e sti\u0107i ni do Novog Sada, ni verovatno do isto\u010dne Evrope. Pro\u0161le godine smo, izme\u0111u ostalog, imali i filmove iz Japana i Argentine.<\/p>\n<p>&nbsp;<\/p>\n<p><strong>Kao jo\u0161 jednu novinu, ove godine ste uveli selekciju Game Cinematics. Zbog \u010dega je bilo bitno ista\u0107i povezanost gejming i filmske industrije?<\/strong><\/p>\n<p>Novi Sad trenutno ba\u0161 ne mo\u017ee da se pohvali jakom filmskom industrijom, ali mo\u017ee veoma jakim IT sektorom i studijama za gejming i vizuelne efekte. Spajanje tog segmenta sa filmom nam je delovalo logi\u010dno. To je ono \u0161to imamo. Od toga po\u010dinjemo.<\/p>\n<p>&nbsp;<\/p>\n<p><strong>Ove godine velika pa\u017enja posve\u0107ena je i industrijskom programu festivala u kom su u\u010destvovali i neki od svetski poznatih festivala poput estonskog Tallinn Black Nights. Koliko je ovaj program va\u017ean za sam festival i za na\u0161 film?<\/strong><\/p>\n<p>Mislim da je Industry program veoma bitan i za NSFF, ali i za nacionalnu i regionalnu kinematografiju. To je prostor za razmenu iskustava sa referentnijim filmskim entitetima. Mi \u017eelimo da u\u010dimo, razvijamo taj prostor i zajedno kreiramo potentnu atmosferu za dalji razvoj filma kako kod nas, tako i internacionalno. Industry program jeste odli\u010dna \u0161ansa da se na\u0161a kinematografija razvija ravnopravno sa internacionalnom.<\/p>\n<p>&nbsp;<\/p>\n<p><strong>Novi Sad je studentski grad, grad mladih. Planirate li i neki edukativni program u u sklopu narednih izdanja?<\/strong><\/p>\n<p>Planiramo mnogo toga. Tek smo po\u010deli. Do\u017eivljavamo NSFF kao ogromno igrali\u0161te. Veoma smo sre\u0107ni i uzbu\u0111eni. Pitanje je koliko \u0107emo uspeti da ga iskoristimo. Naravno, u po\u010detku veliki deo zavisi i od formalne podr\u0161ke, bez koje ne bismo ni postojali<\/p>\n<p>&nbsp;<\/p>\n<p><strong>Ove godine smo imali priliku da vidimo i godinama \u201eskrivenu\u201c letnju pozornicu Kulturnog centra. Da li mislite da bi Novi Sad Film Festival mogao da o\u017eivi i druge zapu\u0161tene bioskopske lokacije poput bioskopa Jadran za kojim su Novosa\u0111ani izuzetno nostalgi\u010dni?<\/strong><\/p>\n<p>Korak po korak.<\/p>\n<p>&nbsp;<\/p>\n<p><strong>Nedavno je zavr\u0161eno drugo izdanje Novi Sad Film Festivala. Ima li napretka u odnosu na prethodnu godinu i \u0161ta su prognoze za 2025.?<\/strong><\/p>\n<p>Napredak je iznenadio i nas same. Cilj nam je bio da se popnemo jednu stepenicu navi\u0161e, a utisak je da smo krenuli liftom. Ako bismo sve ovo uspeli da ponovimo slede\u0107e godine, uz nijansu manje utro\u0161ene energije, bili bismo presre\u0107ni.<\/p>\n<p>&nbsp;<\/p>\n<hr \/>\n<p>Fotografija Vanje Hovana: Vladimir Veli\u010dkovi\u0107.<\/p>\n\n\t\t<\/div>\n\t<\/div>\n\t\t<\/div>\n\t<\/div>\n<\/div><\/div><\/div><\/div><\/div><\/div>\n<\/div>","protected":false},"excerpt":{"rendered":"Intervju sa Vanjom Hovanom, direktorom Novi Sad Film Festivala [...]","protected":false},"author":2,"featured_media":5509,"comment_status":"closed","ping_status":"closed","sticky":false,"template":"","format":"standard","meta":{"footnotes":""},"categories":[75],"tags":[92,89,167,236,240,200,239,241,242,237,238,94,235],"class_list":["post-5507","post","type-post","status-publish","format-standard","has-post-thumbnail","hentry","category-intervjui","tag-filmoskopija","tag-filmska-kritika","tag-filmski-festival","tag-grande-punto","tag-her-body","tag-intervju","tag-nikola-spasic","tag-njeno-telo","tag-novi-filmovi","tag-novi-sad-film-festival","tag-novosadski-filmski-festival","tag-srpski-film","tag-vanja-hovan"],"yoast_head":"<!-- This site is optimized with the Yoast SEO plugin v26.6 - https:\/\/yoast.com\/wordpress\/plugins\/seo\/ -->\n<title>Vanja Hovan: \u201eNovi Sad Film Festival do\u017eivljavamo kao igrali\u0161te\u201c - Filmoskopija<\/title>\n<meta name=\"description\" content=\"Vanja Hovan, direktor Novi Sad Film Festivala, govori o nastanku, evoluciji i budu\u0107nosti ove manifestacije.\" \/>\n<meta name=\"robots\" content=\"index, follow, max-snippet:-1, max-image-preview:large, max-video-preview:-1\" \/>\n<link rel=\"canonical\" href=\"https:\/\/filmoskopija.com\/en\/vanja-hovan-novi-sad-film-festival-dozivljavamo-kao-igraliste\/\" \/>\n<meta property=\"og:locale\" content=\"en_US\" \/>\n<meta property=\"og:type\" content=\"article\" \/>\n<meta property=\"og:title\" content=\"Vanja Hovan: \u201eNovi Sad Film Festival do\u017eivljavamo kao igrali\u0161te\u201c - Filmoskopija\" \/>\n<meta property=\"og:description\" content=\"Vanja Hovan, direktor Novi Sad Film Festivala, govori o nastanku, evoluciji i budu\u0107nosti ove manifestacije.\" \/>\n<meta property=\"og:url\" content=\"https:\/\/filmoskopija.com\/en\/vanja-hovan-novi-sad-film-festival-dozivljavamo-kao-igraliste\/\" \/>\n<meta property=\"og:site_name\" content=\"Filmoskopija\" \/>\n<meta property=\"article:published_time\" content=\"2024-10-03T03:41:51+00:00\" \/>\n<meta property=\"article:modified_time\" content=\"2024-10-11T07:36:05+00:00\" \/>\n<meta property=\"og:image\" content=\"https:\/\/filmoskopija.com\/wp-content\/uploads\/2024\/10\/jpeg-optimizer_V.Velickovic-July31-004.jpg\" \/>\n\t<meta property=\"og:image:width\" content=\"2051\" \/>\n\t<meta property=\"og:image:height\" content=\"1365\" \/>\n\t<meta property=\"og:image:type\" content=\"image\/jpeg\" \/>\n<meta name=\"author\" content=\"Pavla Banjac\" \/>\n<meta name=\"twitter:card\" content=\"summary_large_image\" \/>\n<meta name=\"twitter:label1\" content=\"Written by\" \/>\n\t<meta name=\"twitter:data1\" content=\"Pavla Banjac\" \/>\n\t<meta name=\"twitter:label2\" content=\"Est. reading time\" \/>\n\t<meta name=\"twitter:data2\" content=\"5 minutes\" \/>\n<script type=\"application\/ld+json\" class=\"yoast-schema-graph\">{\"@context\":\"https:\/\/schema.org\",\"@graph\":[{\"@type\":\"WebPage\",\"@id\":\"https:\/\/filmoskopija.com\/vanja-hovan-novi-sad-film-festival-dozivljavamo-kao-igraliste\/\",\"url\":\"https:\/\/filmoskopija.com\/vanja-hovan-novi-sad-film-festival-dozivljavamo-kao-igraliste\/\",\"name\":\"Vanja Hovan: \u201eNovi Sad Film Festival do\u017eivljavamo kao igrali\u0161te\u201c - Filmoskopija\",\"isPartOf\":{\"@id\":\"https:\/\/filmoskopija.com\/#website\"},\"primaryImageOfPage\":{\"@id\":\"https:\/\/filmoskopija.com\/vanja-hovan-novi-sad-film-festival-dozivljavamo-kao-igraliste\/#primaryimage\"},\"image\":{\"@id\":\"https:\/\/filmoskopija.com\/vanja-hovan-novi-sad-film-festival-dozivljavamo-kao-igraliste\/#primaryimage\"},\"thumbnailUrl\":\"https:\/\/filmoskopija.com\/wp-content\/uploads\/2024\/10\/jpeg-optimizer_V.Velickovic-July31-004.jpg\",\"datePublished\":\"2024-10-03T03:41:51+00:00\",\"dateModified\":\"2024-10-11T07:36:05+00:00\",\"author\":{\"@id\":\"https:\/\/filmoskopija.com\/#\/schema\/person\/5961837bb042d08b419657afaf7e6505\"},\"description\":\"Vanja Hovan, direktor Novi Sad Film Festivala, govori o nastanku, evoluciji i budu\u0107nosti ove manifestacije.\",\"breadcrumb\":{\"@id\":\"https:\/\/filmoskopija.com\/vanja-hovan-novi-sad-film-festival-dozivljavamo-kao-igraliste\/#breadcrumb\"},\"inLanguage\":\"en-US\",\"potentialAction\":[{\"@type\":\"ReadAction\",\"target\":[\"https:\/\/filmoskopija.com\/vanja-hovan-novi-sad-film-festival-dozivljavamo-kao-igraliste\/\"]}]},{\"@type\":\"ImageObject\",\"inLanguage\":\"en-US\",\"@id\":\"https:\/\/filmoskopija.com\/vanja-hovan-novi-sad-film-festival-dozivljavamo-kao-igraliste\/#primaryimage\",\"url\":\"https:\/\/filmoskopija.com\/wp-content\/uploads\/2024\/10\/jpeg-optimizer_V.Velickovic-July31-004.jpg\",\"contentUrl\":\"https:\/\/filmoskopija.com\/wp-content\/uploads\/2024\/10\/jpeg-optimizer_V.Velickovic-July31-004.jpg\",\"width\":2051,\"height\":1365,\"caption\":\"vanja hovan\"},{\"@type\":\"BreadcrumbList\",\"@id\":\"https:\/\/filmoskopija.com\/vanja-hovan-novi-sad-film-festival-dozivljavamo-kao-igraliste\/#breadcrumb\",\"itemListElement\":[{\"@type\":\"ListItem\",\"position\":1,\"name\":\"Home\",\"item\":\"https:\/\/filmoskopija.com\/\"},{\"@type\":\"ListItem\",\"position\":2,\"name\":\"Vanja Hovan: \u201eNovi Sad Film Festival do\u017eivljavamo kao igrali\u0161te\u201c\"}]},{\"@type\":\"WebSite\",\"@id\":\"https:\/\/filmoskopija.com\/#website\",\"url\":\"https:\/\/filmoskopija.com\/\",\"name\":\"Filmoskopija\",\"description\":\"Filmske kritike, eseji, intervjui i vesti.\",\"potentialAction\":[{\"@type\":\"SearchAction\",\"target\":{\"@type\":\"EntryPoint\",\"urlTemplate\":\"https:\/\/filmoskopija.com\/?s={search_term_string}\"},\"query-input\":{\"@type\":\"PropertyValueSpecification\",\"valueRequired\":true,\"valueName\":\"search_term_string\"}}],\"inLanguage\":\"en-US\"},{\"@type\":\"Person\",\"@id\":\"https:\/\/filmoskopija.com\/#\/schema\/person\/5961837bb042d08b419657afaf7e6505\",\"name\":\"Pavla Banjac\",\"image\":{\"@type\":\"ImageObject\",\"inLanguage\":\"en-US\",\"@id\":\"https:\/\/filmoskopija.com\/#\/schema\/person\/image\/\",\"url\":\"https:\/\/secure.gravatar.com\/avatar\/ac7112b40e770a8cdc889a794618ce54cfe3c3cfec638ca9b24cf8c320615e7c?s=96&d=mm&r=g\",\"contentUrl\":\"https:\/\/secure.gravatar.com\/avatar\/ac7112b40e770a8cdc889a794618ce54cfe3c3cfec638ca9b24cf8c320615e7c?s=96&d=mm&r=g\",\"caption\":\"Pavla Banjac\"},\"description\":\"Pavla Banjac ro\u0111ena je 1999. godine u Novom Sadu. Osnovne studije engleskog jezika i knji\u017eevnosti zavr\u0161ila je na Filozofskom fakultetu na kom trenutno poha\u0111a master studije iz knji\u017eevnosti i prevo\u0111enja. \u010clan je kolektiva Art bioskopa i jedan od organizatora filmskih ciklusa i podkasta u sklopu CK13. Bila je polaznica radionice za mlade kriti\u010dare u organizaciji Mre\u017ee festivala Jadranske regije, nakon koje je radila i kao deo press tima na Filmskom festivalu u Sarajevu. Moderirala je razgovore sa vi\u0161e autora na Festivalu autorskog filma i jedna je od urednica \u017eurnala i kataloga tog festivala. Radi kao prevodilac u Novom Sadu.\",\"url\":\"https:\/\/filmoskopija.com\/en\/author\/pavla_banjac\/\"}]}<\/script>\n<!-- \/ Yoast SEO plugin. -->","yoast_head_json":{"title":"Vanja Hovan: \u201eNovi Sad Film Festival do\u017eivljavamo kao igrali\u0161te\u201c - Filmoskopija","description":"Vanja Hovan, direktor Novi Sad Film Festivala, govori o nastanku, evoluciji i budu\u0107nosti ove manifestacije.","robots":{"index":"index","follow":"follow","max-snippet":"max-snippet:-1","max-image-preview":"max-image-preview:large","max-video-preview":"max-video-preview:-1"},"canonical":"https:\/\/filmoskopija.com\/en\/vanja-hovan-novi-sad-film-festival-dozivljavamo-kao-igraliste\/","og_locale":"en_US","og_type":"article","og_title":"Vanja Hovan: \u201eNovi Sad Film Festival do\u017eivljavamo kao igrali\u0161te\u201c - Filmoskopija","og_description":"Vanja Hovan, direktor Novi Sad Film Festivala, govori o nastanku, evoluciji i budu\u0107nosti ove manifestacije.","og_url":"https:\/\/filmoskopija.com\/en\/vanja-hovan-novi-sad-film-festival-dozivljavamo-kao-igraliste\/","og_site_name":"Filmoskopija","article_published_time":"2024-10-03T03:41:51+00:00","article_modified_time":"2024-10-11T07:36:05+00:00","og_image":[{"width":2051,"height":1365,"url":"https:\/\/filmoskopija.com\/wp-content\/uploads\/2024\/10\/jpeg-optimizer_V.Velickovic-July31-004.jpg","type":"image\/jpeg"}],"author":"Pavla Banjac","twitter_card":"summary_large_image","twitter_misc":{"Written by":"Pavla Banjac","Est. reading time":"5 minutes"},"schema":{"@context":"https:\/\/schema.org","@graph":[{"@type":"WebPage","@id":"https:\/\/filmoskopija.com\/vanja-hovan-novi-sad-film-festival-dozivljavamo-kao-igraliste\/","url":"https:\/\/filmoskopija.com\/vanja-hovan-novi-sad-film-festival-dozivljavamo-kao-igraliste\/","name":"Vanja Hovan: \u201eNovi Sad Film Festival do\u017eivljavamo kao igrali\u0161te\u201c - Filmoskopija","isPartOf":{"@id":"https:\/\/filmoskopija.com\/#website"},"primaryImageOfPage":{"@id":"https:\/\/filmoskopija.com\/vanja-hovan-novi-sad-film-festival-dozivljavamo-kao-igraliste\/#primaryimage"},"image":{"@id":"https:\/\/filmoskopija.com\/vanja-hovan-novi-sad-film-festival-dozivljavamo-kao-igraliste\/#primaryimage"},"thumbnailUrl":"https:\/\/filmoskopija.com\/wp-content\/uploads\/2024\/10\/jpeg-optimizer_V.Velickovic-July31-004.jpg","datePublished":"2024-10-03T03:41:51+00:00","dateModified":"2024-10-11T07:36:05+00:00","author":{"@id":"https:\/\/filmoskopija.com\/#\/schema\/person\/5961837bb042d08b419657afaf7e6505"},"description":"Vanja Hovan, direktor Novi Sad Film Festivala, govori o nastanku, evoluciji i budu\u0107nosti ove manifestacije.","breadcrumb":{"@id":"https:\/\/filmoskopija.com\/vanja-hovan-novi-sad-film-festival-dozivljavamo-kao-igraliste\/#breadcrumb"},"inLanguage":"en-US","potentialAction":[{"@type":"ReadAction","target":["https:\/\/filmoskopija.com\/vanja-hovan-novi-sad-film-festival-dozivljavamo-kao-igraliste\/"]}]},{"@type":"ImageObject","inLanguage":"en-US","@id":"https:\/\/filmoskopija.com\/vanja-hovan-novi-sad-film-festival-dozivljavamo-kao-igraliste\/#primaryimage","url":"https:\/\/filmoskopija.com\/wp-content\/uploads\/2024\/10\/jpeg-optimizer_V.Velickovic-July31-004.jpg","contentUrl":"https:\/\/filmoskopija.com\/wp-content\/uploads\/2024\/10\/jpeg-optimizer_V.Velickovic-July31-004.jpg","width":2051,"height":1365,"caption":"vanja hovan"},{"@type":"BreadcrumbList","@id":"https:\/\/filmoskopija.com\/vanja-hovan-novi-sad-film-festival-dozivljavamo-kao-igraliste\/#breadcrumb","itemListElement":[{"@type":"ListItem","position":1,"name":"Home","item":"https:\/\/filmoskopija.com\/"},{"@type":"ListItem","position":2,"name":"Vanja Hovan: \u201eNovi Sad Film Festival do\u017eivljavamo kao igrali\u0161te\u201c"}]},{"@type":"WebSite","@id":"https:\/\/filmoskopija.com\/#website","url":"https:\/\/filmoskopija.com\/","name":"Filmoskopija","description":"Filmske kritike, eseji, intervjui i vesti.","potentialAction":[{"@type":"SearchAction","target":{"@type":"EntryPoint","urlTemplate":"https:\/\/filmoskopija.com\/?s={search_term_string}"},"query-input":{"@type":"PropertyValueSpecification","valueRequired":true,"valueName":"search_term_string"}}],"inLanguage":"en-US"},{"@type":"Person","@id":"https:\/\/filmoskopija.com\/#\/schema\/person\/5961837bb042d08b419657afaf7e6505","name":"Pavla Banjac","image":{"@type":"ImageObject","inLanguage":"en-US","@id":"https:\/\/filmoskopija.com\/#\/schema\/person\/image\/","url":"https:\/\/secure.gravatar.com\/avatar\/ac7112b40e770a8cdc889a794618ce54cfe3c3cfec638ca9b24cf8c320615e7c?s=96&d=mm&r=g","contentUrl":"https:\/\/secure.gravatar.com\/avatar\/ac7112b40e770a8cdc889a794618ce54cfe3c3cfec638ca9b24cf8c320615e7c?s=96&d=mm&r=g","caption":"Pavla Banjac"},"description":"Pavla Banjac ro\u0111ena je 1999. godine u Novom Sadu. Osnovne studije engleskog jezika i knji\u017eevnosti zavr\u0161ila je na Filozofskom fakultetu na kom trenutno poha\u0111a master studije iz knji\u017eevnosti i prevo\u0111enja. \u010clan je kolektiva Art bioskopa i jedan od organizatora filmskih ciklusa i podkasta u sklopu CK13. Bila je polaznica radionice za mlade kriti\u010dare u organizaciji Mre\u017ee festivala Jadranske regije, nakon koje je radila i kao deo press tima na Filmskom festivalu u Sarajevu. Moderirala je razgovore sa vi\u0161e autora na Festivalu autorskog filma i jedna je od urednica \u017eurnala i kataloga tog festivala. Radi kao prevodilac u Novom Sadu.","url":"https:\/\/filmoskopija.com\/en\/author\/pavla_banjac\/"}]}},"_links":{"self":[{"href":"https:\/\/filmoskopija.com\/en\/wp-json\/wp\/v2\/posts\/5507","targetHints":{"allow":["GET"]}}],"collection":[{"href":"https:\/\/filmoskopija.com\/en\/wp-json\/wp\/v2\/posts"}],"about":[{"href":"https:\/\/filmoskopija.com\/en\/wp-json\/wp\/v2\/types\/post"}],"author":[{"embeddable":true,"href":"https:\/\/filmoskopija.com\/en\/wp-json\/wp\/v2\/users\/2"}],"replies":[{"embeddable":true,"href":"https:\/\/filmoskopija.com\/en\/wp-json\/wp\/v2\/comments?post=5507"}],"version-history":[{"count":10,"href":"https:\/\/filmoskopija.com\/en\/wp-json\/wp\/v2\/posts\/5507\/revisions"}],"predecessor-version":[{"id":5528,"href":"https:\/\/filmoskopija.com\/en\/wp-json\/wp\/v2\/posts\/5507\/revisions\/5528"}],"wp:featuredmedia":[{"embeddable":true,"href":"https:\/\/filmoskopija.com\/en\/wp-json\/wp\/v2\/media\/5509"}],"wp:attachment":[{"href":"https:\/\/filmoskopija.com\/en\/wp-json\/wp\/v2\/media?parent=5507"}],"wp:term":[{"taxonomy":"category","embeddable":true,"href":"https:\/\/filmoskopija.com\/en\/wp-json\/wp\/v2\/categories?post=5507"},{"taxonomy":"post_tag","embeddable":true,"href":"https:\/\/filmoskopija.com\/en\/wp-json\/wp\/v2\/tags?post=5507"}],"curies":[{"name":"wp","href":"https:\/\/api.w.org\/{rel}","templated":true}]}}