{"id":5597,"date":"2024-10-30T08:27:37","date_gmt":"2024-10-30T08:27:37","guid":{"rendered":"https:\/\/filmoskopija.com\/?p=5597"},"modified":"2024-10-30T08:27:37","modified_gmt":"2024-10-30T08:27:37","slug":"vermiljo-mikro-kritika","status":"publish","type":"post","link":"https:\/\/filmoskopija.com\/en\/vermiljo-mikro-kritika\/","title":{"rendered":"Vermiljo [mikro-kritika]"},"content":{"rendered":"<div class=\"wpb-content-wrapper\"><div class=\"vc_row wpb_row vc_row-fluid\" ><div class=\"wpb_column vc_column_container vc_col-sm-12 vc_col-sm-offset-0\"><div class=\"vc_column-inner\"><div class=\"wpb_wrapper\"><div class=\"edgtf-elements-holder article-body-boxed  edgtf-one-column  edgtf-responsive-mode-768\" ><div class=\"edgtf-eh-item\"  data-item-class=\"edgtf-eh-custom-6634\">\n\t<div class=\"edgtf-eh-item-inner\">\n\t\t<div class=\"edgtf-eh-item-content edgtf-eh-custom-6634\" >\n\t\t\t\n\t<div class=\"wpb_text_column wpb_content_element\" >\n\t\t<div class=\"wpb_wrapper\">\n\t\t\t<p>Godina 1944, zavejano alpsko seoce nadomak grada Trento, kameno ognji\u0161te i porodi\u010dna trpeza sa seoskim u\u010diteljem na \u010delu. Kamera je stati\u010dna, zarumenela deca na ekranu se do\u0161aptavaju, a publika se ve\u0107 me\u0161kolji u stolicama, o\u010dekuju\u0107i da opet, po ko zna koji put, gleda jednu te istu italijansku istorijsko-porodi\u010dnu dramu. Ipak, rediteljka Maura Delpero se u ostvarenju <em>Vermiljo<\/em> (<em>Vermiglio<\/em>, 2024, 119\u2019), nagra\u0111enom Gran prijem \u017eirija u <a href=\"https:\/\/www.labiennale.org\/en\/cinema\/2024\/venezia-81-competition\/vermiglio\">Veneciji<\/a>, uspe\u0161no iskobeljava iz prete\u0107e lavine trivijalne pretencioznosti.<\/p>\n<p>U fokusu je porodica Gracijadei, u\u0161u\u0161kana u sne\u017eno-belim nedrima planinskih obronaka severne Italije, \u010dija nenametljiva svakodnevica potresa dolazak ratnog veterana Pjetra (\u0110uzepe de Domeniko). Zagonetni Sicilijanac remeti ku\u0107nu konstelaciju, prvenstveno sudbinu najstarije \u0107erke, Lu\u010dije (Martina Skrinci). Delpero porodi\u010dnu intimu (de)konstrui\u0161e svedenim dijalozima, tako da je \u010dak i polaritet ju\u017enja\u010dkog partizana Pjetra i ruralne rigidnosti porodice izveden suptilno, najpre opozitnim dijalektima sunarodnika \u201esve\u017ee\u201c ujedinjene Italije.<\/p>\n<p>Uprkos strogosti roditelja, zabele\u017een je \u010ditav mikrokosmos odrastanja, isprepleten ne\u017eno\u0161\u0107u i sne\u017enim pahuljama \u2013 u\u0161u\u0161kane razgovorancije, molitve Blagoj Mariji, prigu\u0161eno buntovni\u0161tvo i otkrivanje sopstvene telesnosti. Tanane mlade du\u0161e i krajolik zaseoka Vermilja bujaju (ali i venu) pred na\u0161im o\u010dima. Protok vremena, simetri\u010dan poput pe\u0161\u010danog sata, kinematografski je do\u010daran, a auditorno \u201euglancan\u201c izlizanom, ali upe\u010datljivom upotrebom Vivaldijeva <em>\u010cetiri godi\u0161nja doba<\/em>.<\/p>\n<p><em>Vermiljo<\/em> je me\u0111u retkim festivalskim hitovima koji pod lupu stavlja ovaj kutak italijanske provincije, a mo\u017eda i jedini u kome tradicija Trentina ima odlu\u010duju\u0107u ulogu. Ve\u0161to prevazilaze\u0107i svoju ukalupljenost, film otkriva nove horizonte (\u017eenske) egzistencije u stegnutom okrilju varo\u0161anskog katolicizma i italijanske <em>vergogne<\/em>. Poput pre\u0107utnog svedoka, gledalac zajedno sa objektivom gubi dah dok posmatra teskobnu familijarnost \u017eivota.<\/p>\n<p>&nbsp;<\/p>\n<hr \/>\n<p><em>Naslovna fotografija iz filma <\/em>Vermiljo:<em> Film Fest Gent promo.<\/em><\/p>\n\n\t\t<\/div>\n\t<\/div>\n\t\t<\/div>\n\t<\/div>\n<\/div><\/div><\/div><\/div><\/div><\/div>\n<\/div>","protected":false},"excerpt":{"rendered":"Godina 1944, zavejano alpsko seoce nadomak grada Trento, kameno [...]","protected":false},"author":10,"featured_media":5599,"comment_status":"closed","ping_status":"closed","sticky":false,"template":"","format":"standard","meta":{"footnotes":""},"categories":[76],"tags":[324,288,325,92,89,329,327,319,326,328,323,322,320,321],"class_list":["post-5597","post","type-post","status-publish","format-standard","has-post-thumbnail","hentry","category-mikro-kritike","tag-ana-djosev","tag-festival","tag-film-fest-gent","tag-filmoskopija","tag-filmska-kritika","tag-freezone-festival-belgrade","tag-italijanski-film","tag-maura-delpero","tag-slobodna-zona-beograd","tag-trento","tag-venecijanski-filmski-festival","tag-venice-film-festival","tag-vermiglio","tag-vermiljo"],"yoast_head":"<!-- This site is optimized with the Yoast SEO plugin v26.6 - https:\/\/yoast.com\/wordpress\/plugins\/seo\/ -->\n<title>Vermiljo [mikro-kritika] - Filmoskopija<\/title>\n<meta name=\"description\" content=\"Vermiljo je me\u0111u retkim festivalskim hitovima koji pod lupu stavlja ovaj kutak italijanske provincije, a mo\u017eda i jedini u kome tradicija Trentina ima odlu\u010duju\u0107u ulogu. Ve\u0161to prevazilaze\u0107i svoju ukalupljenost, film otkriva nove horizonte (\u017eenske) egzistencije u stegnutom okrilju varo\u0161anskog katolicizma i italijanske vergogne.\" \/>\n<meta name=\"robots\" content=\"index, follow, max-snippet:-1, max-image-preview:large, max-video-preview:-1\" \/>\n<link rel=\"canonical\" href=\"https:\/\/filmoskopija.com\/en\/vermiljo-mikro-kritika\/\" \/>\n<meta property=\"og:locale\" content=\"en_US\" \/>\n<meta property=\"og:type\" content=\"article\" \/>\n<meta property=\"og:title\" content=\"Vermiljo [mikro-kritika] - Filmoskopija\" \/>\n<meta property=\"og:description\" content=\"Vermiljo je me\u0111u retkim festivalskim hitovima koji pod lupu stavlja ovaj kutak italijanske provincije, a mo\u017eda i jedini u kome tradicija Trentina ima odlu\u010duju\u0107u ulogu. Ve\u0161to prevazilaze\u0107i svoju ukalupljenost, film otkriva nove horizonte (\u017eenske) egzistencije u stegnutom okrilju varo\u0161anskog katolicizma i italijanske vergogne.\" \/>\n<meta property=\"og:url\" content=\"https:\/\/filmoskopija.com\/en\/vermiljo-mikro-kritika\/\" \/>\n<meta property=\"og:site_name\" content=\"Filmoskopija\" \/>\n<meta property=\"article:published_time\" content=\"2024-10-30T08:27:37+00:00\" \/>\n<meta property=\"og:image\" content=\"https:\/\/filmoskopija.com\/wp-content\/uploads\/2024\/10\/httpswww.filmfestival.bevolumesg.jpg\" \/>\n\t<meta property=\"og:image:width\" content=\"2000\" \/>\n\t<meta property=\"og:image:height\" content=\"1055\" \/>\n\t<meta property=\"og:image:type\" content=\"image\/jpeg\" \/>\n<meta name=\"author\" content=\"Ana \u0110o\u0161ev\" \/>\n<meta name=\"twitter:card\" content=\"summary_large_image\" \/>\n<meta name=\"twitter:label1\" content=\"Written by\" \/>\n\t<meta name=\"twitter:data1\" content=\"Ana \u0110o\u0161ev\" \/>\n\t<meta name=\"twitter:label2\" content=\"Est. reading time\" \/>\n\t<meta name=\"twitter:data2\" content=\"2 minutes\" \/>\n<script type=\"application\/ld+json\" class=\"yoast-schema-graph\">{\"@context\":\"https:\/\/schema.org\",\"@graph\":[{\"@type\":\"WebPage\",\"@id\":\"https:\/\/filmoskopija.com\/vermiljo-mikro-kritika\/\",\"url\":\"https:\/\/filmoskopija.com\/vermiljo-mikro-kritika\/\",\"name\":\"Vermiljo [mikro-kritika] - Filmoskopija\",\"isPartOf\":{\"@id\":\"https:\/\/filmoskopija.com\/#website\"},\"primaryImageOfPage\":{\"@id\":\"https:\/\/filmoskopija.com\/vermiljo-mikro-kritika\/#primaryimage\"},\"image\":{\"@id\":\"https:\/\/filmoskopija.com\/vermiljo-mikro-kritika\/#primaryimage\"},\"thumbnailUrl\":\"https:\/\/filmoskopija.com\/wp-content\/uploads\/2024\/10\/httpswww.filmfestival.bevolumesg.jpg\",\"datePublished\":\"2024-10-30T08:27:37+00:00\",\"author\":{\"@id\":\"https:\/\/filmoskopija.com\/#\/schema\/person\/e92c24349f45ece2ffebb933847d27b4\"},\"description\":\"Vermiljo je me\u0111u retkim festivalskim hitovima koji pod lupu stavlja ovaj kutak italijanske provincije, a mo\u017eda i jedini u kome tradicija Trentina ima odlu\u010duju\u0107u ulogu. Ve\u0161to prevazilaze\u0107i svoju ukalupljenost, film otkriva nove horizonte (\u017eenske) egzistencije u stegnutom okrilju varo\u0161anskog katolicizma i italijanske vergogne.\",\"breadcrumb\":{\"@id\":\"https:\/\/filmoskopija.com\/vermiljo-mikro-kritika\/#breadcrumb\"},\"inLanguage\":\"en-US\",\"potentialAction\":[{\"@type\":\"ReadAction\",\"target\":[\"https:\/\/filmoskopija.com\/vermiljo-mikro-kritika\/\"]}]},{\"@type\":\"ImageObject\",\"inLanguage\":\"en-US\",\"@id\":\"https:\/\/filmoskopija.com\/vermiljo-mikro-kritika\/#primaryimage\",\"url\":\"https:\/\/filmoskopija.com\/wp-content\/uploads\/2024\/10\/httpswww.filmfestival.bevolumesg.jpg\",\"contentUrl\":\"https:\/\/filmoskopija.com\/wp-content\/uploads\/2024\/10\/httpswww.filmfestival.bevolumesg.jpg\",\"width\":2000,\"height\":1055,\"caption\":\"vermiljo\"},{\"@type\":\"BreadcrumbList\",\"@id\":\"https:\/\/filmoskopija.com\/vermiljo-mikro-kritika\/#breadcrumb\",\"itemListElement\":[{\"@type\":\"ListItem\",\"position\":1,\"name\":\"Home\",\"item\":\"https:\/\/filmoskopija.com\/\"},{\"@type\":\"ListItem\",\"position\":2,\"name\":\"Vermiljo [mikro-kritika]\"}]},{\"@type\":\"WebSite\",\"@id\":\"https:\/\/filmoskopija.com\/#website\",\"url\":\"https:\/\/filmoskopija.com\/\",\"name\":\"Filmoskopija\",\"description\":\"Filmske kritike, eseji, intervjui i vesti.\",\"potentialAction\":[{\"@type\":\"SearchAction\",\"target\":{\"@type\":\"EntryPoint\",\"urlTemplate\":\"https:\/\/filmoskopija.com\/?s={search_term_string}\"},\"query-input\":{\"@type\":\"PropertyValueSpecification\",\"valueRequired\":true,\"valueName\":\"search_term_string\"}}],\"inLanguage\":\"en-US\"},{\"@type\":\"Person\",\"@id\":\"https:\/\/filmoskopija.com\/#\/schema\/person\/e92c24349f45ece2ffebb933847d27b4\",\"name\":\"Ana \u0110o\u0161ev\",\"image\":{\"@type\":\"ImageObject\",\"inLanguage\":\"en-US\",\"@id\":\"https:\/\/filmoskopija.com\/#\/schema\/person\/image\/\",\"url\":\"https:\/\/filmoskopija.com\/wp-content\/uploads\/2025\/09\/cropped-a60976df-5f76-4ec5-9b84-0fabe6a8eb62-96x96.jpeg\",\"contentUrl\":\"https:\/\/filmoskopija.com\/wp-content\/uploads\/2025\/09\/cropped-a60976df-5f76-4ec5-9b84-0fabe6a8eb62-96x96.jpeg\",\"caption\":\"Ana \u0110o\u0161ev\"},\"description\":\"Ana \u0110o\u0161ev je studentkinja muzikologije. Bavi se pisanjem iz oblasti filma i muzike. Moderirala je razgovore sa filmskim autorima na nekoliko doma\u0107ih filmskih festivala i u\u010destvovala na vi\u0161e radionica pisane kritike u zemlji i inostranstvu. Svoje istra\u017eiva\u010dke radove na temu analize popularne muzike imala je priliku da predstavi i na internacionalnim konferencijama. Od marta 2026., saradnica je na ure\u0111ivanju Filmoskopije.\",\"url\":\"https:\/\/filmoskopija.com\/en\/author\/ana_djosev\/\"}]}<\/script>\n<!-- \/ Yoast SEO plugin. -->","yoast_head_json":{"title":"Vermiljo [mikro-kritika] - Filmoskopija","description":"Vermiljo je me\u0111u retkim festivalskim hitovima koji pod lupu stavlja ovaj kutak italijanske provincije, a mo\u017eda i jedini u kome tradicija Trentina ima odlu\u010duju\u0107u ulogu. Ve\u0161to prevazilaze\u0107i svoju ukalupljenost, film otkriva nove horizonte (\u017eenske) egzistencije u stegnutom okrilju varo\u0161anskog katolicizma i italijanske vergogne.","robots":{"index":"index","follow":"follow","max-snippet":"max-snippet:-1","max-image-preview":"max-image-preview:large","max-video-preview":"max-video-preview:-1"},"canonical":"https:\/\/filmoskopija.com\/en\/vermiljo-mikro-kritika\/","og_locale":"en_US","og_type":"article","og_title":"Vermiljo [mikro-kritika] - Filmoskopija","og_description":"Vermiljo je me\u0111u retkim festivalskim hitovima koji pod lupu stavlja ovaj kutak italijanske provincije, a mo\u017eda i jedini u kome tradicija Trentina ima odlu\u010duju\u0107u ulogu. Ve\u0161to prevazilaze\u0107i svoju ukalupljenost, film otkriva nove horizonte (\u017eenske) egzistencije u stegnutom okrilju varo\u0161anskog katolicizma i italijanske vergogne.","og_url":"https:\/\/filmoskopija.com\/en\/vermiljo-mikro-kritika\/","og_site_name":"Filmoskopija","article_published_time":"2024-10-30T08:27:37+00:00","og_image":[{"width":2000,"height":1055,"url":"https:\/\/filmoskopija.com\/wp-content\/uploads\/2024\/10\/httpswww.filmfestival.bevolumesg.jpg","type":"image\/jpeg"}],"author":"Ana \u0110o\u0161ev","twitter_card":"summary_large_image","twitter_misc":{"Written by":"Ana \u0110o\u0161ev","Est. reading time":"2 minutes"},"schema":{"@context":"https:\/\/schema.org","@graph":[{"@type":"WebPage","@id":"https:\/\/filmoskopija.com\/vermiljo-mikro-kritika\/","url":"https:\/\/filmoskopija.com\/vermiljo-mikro-kritika\/","name":"Vermiljo [mikro-kritika] - Filmoskopija","isPartOf":{"@id":"https:\/\/filmoskopija.com\/#website"},"primaryImageOfPage":{"@id":"https:\/\/filmoskopija.com\/vermiljo-mikro-kritika\/#primaryimage"},"image":{"@id":"https:\/\/filmoskopija.com\/vermiljo-mikro-kritika\/#primaryimage"},"thumbnailUrl":"https:\/\/filmoskopija.com\/wp-content\/uploads\/2024\/10\/httpswww.filmfestival.bevolumesg.jpg","datePublished":"2024-10-30T08:27:37+00:00","author":{"@id":"https:\/\/filmoskopija.com\/#\/schema\/person\/e92c24349f45ece2ffebb933847d27b4"},"description":"Vermiljo je me\u0111u retkim festivalskim hitovima koji pod lupu stavlja ovaj kutak italijanske provincije, a mo\u017eda i jedini u kome tradicija Trentina ima odlu\u010duju\u0107u ulogu. Ve\u0161to prevazilaze\u0107i svoju ukalupljenost, film otkriva nove horizonte (\u017eenske) egzistencije u stegnutom okrilju varo\u0161anskog katolicizma i italijanske vergogne.","breadcrumb":{"@id":"https:\/\/filmoskopija.com\/vermiljo-mikro-kritika\/#breadcrumb"},"inLanguage":"en-US","potentialAction":[{"@type":"ReadAction","target":["https:\/\/filmoskopija.com\/vermiljo-mikro-kritika\/"]}]},{"@type":"ImageObject","inLanguage":"en-US","@id":"https:\/\/filmoskopija.com\/vermiljo-mikro-kritika\/#primaryimage","url":"https:\/\/filmoskopija.com\/wp-content\/uploads\/2024\/10\/httpswww.filmfestival.bevolumesg.jpg","contentUrl":"https:\/\/filmoskopija.com\/wp-content\/uploads\/2024\/10\/httpswww.filmfestival.bevolumesg.jpg","width":2000,"height":1055,"caption":"vermiljo"},{"@type":"BreadcrumbList","@id":"https:\/\/filmoskopija.com\/vermiljo-mikro-kritika\/#breadcrumb","itemListElement":[{"@type":"ListItem","position":1,"name":"Home","item":"https:\/\/filmoskopija.com\/"},{"@type":"ListItem","position":2,"name":"Vermiljo [mikro-kritika]"}]},{"@type":"WebSite","@id":"https:\/\/filmoskopija.com\/#website","url":"https:\/\/filmoskopija.com\/","name":"Filmoskopija","description":"Filmske kritike, eseji, intervjui i vesti.","potentialAction":[{"@type":"SearchAction","target":{"@type":"EntryPoint","urlTemplate":"https:\/\/filmoskopija.com\/?s={search_term_string}"},"query-input":{"@type":"PropertyValueSpecification","valueRequired":true,"valueName":"search_term_string"}}],"inLanguage":"en-US"},{"@type":"Person","@id":"https:\/\/filmoskopija.com\/#\/schema\/person\/e92c24349f45ece2ffebb933847d27b4","name":"Ana \u0110o\u0161ev","image":{"@type":"ImageObject","inLanguage":"en-US","@id":"https:\/\/filmoskopija.com\/#\/schema\/person\/image\/","url":"https:\/\/filmoskopija.com\/wp-content\/uploads\/2025\/09\/cropped-a60976df-5f76-4ec5-9b84-0fabe6a8eb62-96x96.jpeg","contentUrl":"https:\/\/filmoskopija.com\/wp-content\/uploads\/2025\/09\/cropped-a60976df-5f76-4ec5-9b84-0fabe6a8eb62-96x96.jpeg","caption":"Ana \u0110o\u0161ev"},"description":"Ana \u0110o\u0161ev je studentkinja muzikologije. Bavi se pisanjem iz oblasti filma i muzike. Moderirala je razgovore sa filmskim autorima na nekoliko doma\u0107ih filmskih festivala i u\u010destvovala na vi\u0161e radionica pisane kritike u zemlji i inostranstvu. Svoje istra\u017eiva\u010dke radove na temu analize popularne muzike imala je priliku da predstavi i na internacionalnim konferencijama. Od marta 2026., saradnica je na ure\u0111ivanju Filmoskopije.","url":"https:\/\/filmoskopija.com\/en\/author\/ana_djosev\/"}]}},"_links":{"self":[{"href":"https:\/\/filmoskopija.com\/en\/wp-json\/wp\/v2\/posts\/5597","targetHints":{"allow":["GET"]}}],"collection":[{"href":"https:\/\/filmoskopija.com\/en\/wp-json\/wp\/v2\/posts"}],"about":[{"href":"https:\/\/filmoskopija.com\/en\/wp-json\/wp\/v2\/types\/post"}],"author":[{"embeddable":true,"href":"https:\/\/filmoskopija.com\/en\/wp-json\/wp\/v2\/users\/10"}],"replies":[{"embeddable":true,"href":"https:\/\/filmoskopija.com\/en\/wp-json\/wp\/v2\/comments?post=5597"}],"version-history":[{"count":3,"href":"https:\/\/filmoskopija.com\/en\/wp-json\/wp\/v2\/posts\/5597\/revisions"}],"predecessor-version":[{"id":5601,"href":"https:\/\/filmoskopija.com\/en\/wp-json\/wp\/v2\/posts\/5597\/revisions\/5601"}],"wp:featuredmedia":[{"embeddable":true,"href":"https:\/\/filmoskopija.com\/en\/wp-json\/wp\/v2\/media\/5599"}],"wp:attachment":[{"href":"https:\/\/filmoskopija.com\/en\/wp-json\/wp\/v2\/media?parent=5597"}],"wp:term":[{"taxonomy":"category","embeddable":true,"href":"https:\/\/filmoskopija.com\/en\/wp-json\/wp\/v2\/categories?post=5597"},{"taxonomy":"post_tag","embeddable":true,"href":"https:\/\/filmoskopija.com\/en\/wp-json\/wp\/v2\/tags?post=5597"}],"curies":[{"name":"wp","href":"https:\/\/api.w.org\/{rel}","templated":true}]}}