{"id":5624,"date":"2024-11-08T11:52:33","date_gmt":"2024-11-08T11:52:33","guid":{"rendered":"https:\/\/filmoskopija.com\/?p=5624"},"modified":"2025-01-21T11:46:29","modified_gmt":"2025-01-21T10:46:29","slug":"izolacija-covek-ili-medved","status":"publish","type":"post","link":"https:\/\/filmoskopija.com\/en\/izolacija-covek-ili-medved\/","title":{"rendered":"Izolacija: \u010covek ili medved?"},"content":{"rendered":"<div class=\"wpb-content-wrapper\"><div class=\"vc_row wpb_row vc_row-fluid\" ><div class=\"wpb_column vc_column_container vc_col-sm-12 vc_col-sm-offset-0\"><div class=\"vc_column-inner\"><div class=\"wpb_wrapper\"><div class=\"edgtf-elements-holder   edgtf-one-column  edgtf-responsive-mode-768\" ><div class=\"edgtf-eh-item\"  data-item-class=\"edgtf-eh-custom-1181\">\n\t<div class=\"edgtf-eh-item-inner\">\n\t\t<div class=\"edgtf-eh-item-content edgtf-eh-custom-1181\" >\n\t\t\t<div class=\"edgtf-separator-holder clearfix  edgtf-separator-center\">\n\t<div class=\"edgtf-separator\" style=\"border-style: dashed;width: 70%;border-bottom-width: 3px;margin-top: 30px;margin-bottom: 30px\"><\/div>\n<\/div>\n\t\t<\/div>\n\t<\/div>\n<\/div><\/div>\n\t<div class=\"wpb_text_column wpb_content_element vc_custom_1731066171068\" >\n\t\t<div class=\"wpb_wrapper\">\n\t\t\t<p style=\"text-align: center;\"><strong>Kritika filma <em>Izolacija<\/em><\/strong><\/p>\n\n\t\t<\/div>\n\t<\/div>\n<div class=\"edgtf-elements-holder   edgtf-one-column  edgtf-responsive-mode-768\" ><div class=\"edgtf-eh-item\"  data-item-class=\"edgtf-eh-custom-8186\">\n\t<div class=\"edgtf-eh-item-inner\">\n\t\t<div class=\"edgtf-eh-item-content edgtf-eh-custom-8186\" >\n\t\t\t<div class=\"edgtf-separator-holder clearfix  edgtf-separator-center\">\n\t<div class=\"edgtf-separator\" style=\"border-style: dashed;width: 70%;border-bottom-width: 3px;margin-top: 30px;margin-bottom: 15px\"><\/div>\n<\/div>\n\t\t<\/div>\n\t<\/div>\n<\/div><\/div><div class=\"edgtf-elements-holder article-body-boxed  edgtf-one-column  edgtf-responsive-mode-768\" ><div class=\"edgtf-eh-item\"  data-item-class=\"edgtf-eh-custom-9160\">\n\t<div class=\"edgtf-eh-item-inner\">\n\t\t<div class=\"edgtf-eh-item-content edgtf-eh-custom-9160\" >\n\t\t\t\n\t<div class=\"wpb_text_column wpb_content_element\" >\n\t\t<div class=\"wpb_wrapper\">\n\t\t\t<p style=\"text-align: center;\"><strong>NASLOV: Izolacija \/ RE\u017dIJA: Marko Backovi\u0107 \/ SCENARIO: Marko Backovi\u0107, Marko Joci\u0107 \/ ULOGE: Milo\u0161 Bikovi\u0107, Milena Predi\u0107, Matea Milosavljevi\u0107, Milutin Dap\u010devi\u0107, Anica Dobra i dr. \/ TRAJANJE: 82\u2019 \/ DR\u017dAVA: Srbija \/ GODINA: 2024.<\/strong><\/p>\n<p>&nbsp;<\/p>\n<p>Preko trnja do novog srpskog komercijalnog filma, <a href=\"https:\/\/www.imdb.com\/title\/tt10846486\/\"><em>Izolacija<\/em>\u00a0Marka Backovi\u0107a<\/a> osvaja meta-horizonte regionalnih bioskopa. Na raskr\u0161\u0107u misterije, trilera i <em>survival<\/em> horora nalazimo protagonistu Jovana (Milo\u0161 Bikovi\u0107), zbunjivog biologa nenametljive pojave koji pod neobja\u0161njenim okolnostima izu\u010dava tajnovitu prirodu jedne zaba\u010dene \u0161ume. Sme\u0161ten u monta\u017enu kolibu okru\u017eenu avetinjsko zelenim \u010detinarima, njegova svakodnevica odvija se izme\u0111u divljine i sigurnosnih kamera koje postavlja kako bi posmatrao floru i faunu predela. Na svu za\u010dudnost netaknutog luga, Jovan po\u010dinje da vi\u0111a i neobi\u010dnog \u010doveka u \u017eutoj kabanici koji se vitla oko njegovog bungalova.<\/p>\n<p>Iz sekunde u sekundu Jovanove filmske egzistencije, njegova paranoja u prirodnja\u010dkoj samici sve vi\u0161e raste. Tokom perioda boravka u izolaciji<em>, <\/em>gledalac je s vremena na vreme vra\u0107en u Jovanovu sada\u0161njost van \u0161umskog skrovi\u0161ta. Implicirano je da je protagonista optu\u017een za nepoznati zlo\u010din i sada opravdava svoje postupke <em>en t\u00eate-\u00e0-t\u00eate<\/em> sa sudskom psihijatricom (Milena Predi\u0107), prepri\u010davaju\u0107i joj svoju svakodnevnu rutinu na du\u017enosti. Bitemporalnost u filmskoj naraciji dozvoljava reditelju da izgradi dve zasebne \u017eanrovske stvarnosti \u2013 jedna, otelotvorena u \u0161umi, \u010dita se kao psiholo\u0161ki horor vo\u0111en saspensom, dok se druga, u zatvorskoj samici, artikuli\u0161e kroz pregr\u0161t nagla\u0161enih stereotipa iz kriminalisti\u010dkih serija. Kako Jovanovo psihosomatsko stanje postaje sve rastrzanije, granice izme\u0111u pro\u0161losti, sada\u0161njosti, uobrazilje, sna i istine sve su zamagljenije. Ovo rastvaranje Jovanove psihe pra\u0107eno je nijansiranim i slojevitim tretmanom zvuka, a pa\u017eljiv izbor valera doprinosi zloslutnosti pejza\u017ea.<\/p>\n<p>I sve to, pred o\u010dima nasamarenog gledaoca, pada u vodu kada se desi neo\u010dekivani preokret u drugoj tre\u0107ini filma. (Zbog prirode ovog \u201evru\u0107eg krompira\u201c, najbolje je da, u pre\u0107utnom dogovoru izme\u0111u filma i njegovih dosada\u0161njih svedoka, ostane sakriven od budu\u0107e publike.) Da se reditelj zadr\u017eao na teritoriji eko-horora ili egzistencijalne drame o odnosu \u010doveka i \u017eivotne sredine, i dalje ne bi postojao razlog da se posle gledanja filma bude nezadovoljan.<\/p>\n<p><em>Izolacija<\/em> bi bio dobar, pa i odli\u010dan <em>obi\u010dan<\/em> horor film. Doma\u0107a scena za pristupa\u010dnom nedvosmisleno\u0161\u0107u \u017eanra vapi koliko i za ne\u0161to inteligentnijim, ali tr\u017ei\u0161no konkurentnim radovima. Backovi\u0107 u velikoj meri nalazi na\u010din da premosti jaz izme\u0111u sapunjavih pozori\u0161nih adaptacija i udaljene autorske vizije umetni\u010dkog filma koji stoje kao dve protivte\u017ee regionalne kinematografije. Reditelj uspeva da zagolica, pa i da ozbiljnije uroni u problematiku lokalnog i sada\u0161njeg, i to bez (re)konstrukcije (ne)postoje\u0107e herojske pro\u0161losti i bez ponovne instrumentalizacije ratnih trauma pro\u0161log veka. <em>Izolacija<\/em> je po svim parametrima <em>aktuelan<\/em> film. Ono \u0161to se inicijalno mo\u017ee \u010diniti kao pra\u0107akanje u \u017eelji da se sustigne Holivud, u raspletu se pretvara u ve\u0161tu, iako prenagla\u0161enu, alegoriju savremenog medijskog sveta.<\/p>\n<p>Skoro da ne postoji bolji na\u010din kratkotrajnog zamaskiravanja autorskih intencija nego lukavim izborom gluma\u010dke postave. Ko ima tu mo\u0107, ako ne glumac \u010dije moma\u010dko lice \u010du\u010di u kolektivnoj svesti stasavaju\u0107e generacije mladih kao sastavni deo njihovih prvih kinematografskih iskustava? Podrazumeva se da bi oni, (Monte)videv\u0161i njegov ve\u0107 uveliko prepoznatljiv lik na bilbordu, oti\u0161li na projekciju sa idejom da \u0107e gledati jednog klasi\u010dnog \u201eBikovi\u0107a\u201c. Ne posti\u017eu\u0107i, naravno, pop-kulturnu asocijativnost koja ide uz pominjanje junaka \u017eanra poput D\u017eekija \u010cena ili \u017dan-Kloda Van Dama, \u201eBikovi\u0107\u201c ipak nosi odre\u0111enu te\u017einu, ili mo\u017eda pre lako\u0107u gledala\u010dkog o\u010dekivanja. Uprkos tome, sakriven iza teget vetrovke i nao\u010dara tananih okvira, ovde gledaocima dopu\u0161ta da, barem na ograni\u010den vremenski period, zaista zaboravi da je on <em>Bikovi\u0107<\/em>. Reditelj ovom \u201ecrvenom haringom\u201c u gluma\u010dkoj postavi sebi obezbe\u0111uje znatno vi\u0161e subverzivnosti nego \u0161to bi to ina\u010de bio slu\u010daj u filmu sa ovolikim publicitetom.<\/p>\n<p>Istina je, deo \u0161arma <em>Izolacije<\/em> le\u017ei u i\u0161\u010dekivanju skoro pa u potpunosti nepredvidivog raspleta. Bilo bi preterano re\u0107i da je celokupno kreativno upori\u0161te filma u \u0161okantnom raspredanju zamr\u0161ene fabule, ali u pitanju jeste ostvarenje \u010diji \u0107e se status u kulturi vremenom transformisati i solidifikovati, znatno druga\u010dije od inicijalne recepcije nakon njegove premijere. S druge strane, tek tada, kada <em>Izolacija<\/em> postane deo urbanih filmskih legendi, mo\u0107i \u0107e na pravi na\u010din da se razume donekle vratolomni poduhvat njenog autora. Ja\u010dina originalnog gledala\u010dkog utiska ostavlja nas podjednako psiholo\u0161ko iscrpljenim kao Jovana, dok se, u duhu nedavno prohujale internet debate, pitamo da li bismo radije bili ostavljeni na milost i nemilost \u010doveka ili medveda.<\/p>\n<hr \/>\n<p><img decoding=\"async\" class=\"wp-image-5413 alignleft\" src=\"https:\/\/filmoskopija.com\/wp-content\/uploads\/2024\/06\/saa-otgwnjq2otc5.png\" alt=\"\" width=\"150\" height=\"48\" srcset=\"https:\/\/filmoskopija.com\/wp-content\/uploads\/2024\/06\/saa-otgwnjq2otc5.png 288w, https:\/\/filmoskopija.com\/wp-content\/uploads\/2024\/06\/saa-otgwnjq2otc5-18x6.png 18w\" sizes=\"(max-width: 150px) 100vw, 150px\" \/><\/p>\n<p><em>\u00a0 \u00a0Tekst je nastao zahvaljuju\u0107i podr\u0161ci udru\u017eenja UFUS AFA Za\u0161tita koje je podr\u017ealo projekat \u201eFilmoskopija\u201c na Konkursu za kulturna davanja za 2024. godinu.<\/em><\/p>\n<p><em>Naslovna fotografija iz filma <\/em>Izolacija<em>: Viktorija Film Promo.<\/em><\/p>\n\n\t\t<\/div>\n\t<\/div>\n\t\t<\/div>\n\t<\/div>\n<\/div><\/div><\/div><\/div><\/div><\/div>\n<\/div>","protected":false},"excerpt":{"rendered":"Kritika filma Izolacija NASLOV: Izolacija \/ RE\u017dIJA: Marko Backovi\u0107 [...]","protected":false},"author":10,"featured_media":5757,"comment_status":"closed","ping_status":"closed","sticky":false,"template":"","format":"standard","meta":{"footnotes":""},"categories":[73],"tags":[358,357,354,92,355,79,351,352,362,353,361,360,94,359,283,356],"class_list":["post-5624","post","type-post","status-publish","format-standard","has-post-thumbnail","hentry","category-kritike","tag-andjela-jovanovic","tag-anica-dobra","tag-film-s-bikovicem","tag-filmoskopija","tag-izolacija","tag-kritika","tag-marko-backovic","tag-marko-jocic","tag-milena-predic","tag-milos-bikovic","tag-milutin-dapcevic","tag-montevideo-bog-te-video","tag-srpski-film","tag-srpski-film-u-bioskopima","tag-srpski-horor","tag-srpski-triler"],"yoast_head":"<!-- This site is optimized with the Yoast SEO plugin v26.6 - https:\/\/yoast.com\/wordpress\/plugins\/seo\/ -->\n<title>Izolacija: \u010covek ili medved? - Filmoskopija<\/title>\n<meta name=\"description\" content=\"Tek kada Izolacija postane deo urbanih filmskih legendi, mo\u0107i \u0107e na pravi na\u010din da se razume donekle vratolomni poduhvat njenog autora. Ja\u010dina originalnog gledala\u010dkog utiska ostavlja nas podjednako psiholo\u0161ko iscrpljenim kao Jovana, dok se, u duhu nedavno prohujale internet debate, pitamo da li bismo radije bili ostavljeni na milost i nemilost \u010doveka ili medveda.\" \/>\n<meta name=\"robots\" content=\"index, follow, max-snippet:-1, max-image-preview:large, max-video-preview:-1\" \/>\n<link rel=\"canonical\" href=\"https:\/\/filmoskopija.com\/en\/izolacija-covek-ili-medved\/\" \/>\n<meta property=\"og:locale\" content=\"en_US\" \/>\n<meta property=\"og:type\" content=\"article\" \/>\n<meta property=\"og:title\" content=\"Izolacija: \u010covek ili medved? - Filmoskopija\" \/>\n<meta property=\"og:description\" content=\"Tek kada Izolacija postane deo urbanih filmskih legendi, mo\u0107i \u0107e na pravi na\u010din da se razume donekle vratolomni poduhvat njenog autora. Ja\u010dina originalnog gledala\u010dkog utiska ostavlja nas podjednako psiholo\u0161ko iscrpljenim kao Jovana, dok se, u duhu nedavno prohujale internet debate, pitamo da li bismo radije bili ostavljeni na milost i nemilost \u010doveka ili medveda.\" \/>\n<meta property=\"og:url\" content=\"https:\/\/filmoskopija.com\/en\/izolacija-covek-ili-medved\/\" \/>\n<meta property=\"og:site_name\" content=\"Filmoskopija\" \/>\n<meta property=\"article:published_time\" content=\"2024-11-08T11:52:33+00:00\" \/>\n<meta property=\"article:modified_time\" content=\"2025-01-21T10:46:29+00:00\" \/>\n<meta property=\"og:image\" content=\"https:\/\/filmoskopija.com\/wp-content\/uploads\/2024\/11\/milos-bikovic-scaled.jpg\" \/>\n\t<meta property=\"og:image:width\" content=\"2560\" \/>\n\t<meta property=\"og:image:height\" content=\"1440\" \/>\n\t<meta property=\"og:image:type\" content=\"image\/jpeg\" \/>\n<meta name=\"author\" content=\"Ana \u0110o\u0161ev\" \/>\n<meta name=\"twitter:card\" content=\"summary_large_image\" \/>\n<meta name=\"twitter:label1\" content=\"Written by\" \/>\n\t<meta name=\"twitter:data1\" content=\"Ana \u0110o\u0161ev\" \/>\n\t<meta name=\"twitter:label2\" content=\"Est. reading time\" \/>\n\t<meta name=\"twitter:data2\" content=\"4 minutes\" \/>\n<script type=\"application\/ld+json\" class=\"yoast-schema-graph\">{\"@context\":\"https:\/\/schema.org\",\"@graph\":[{\"@type\":\"WebPage\",\"@id\":\"https:\/\/filmoskopija.com\/izolacija-covek-ili-medved\/\",\"url\":\"https:\/\/filmoskopija.com\/izolacija-covek-ili-medved\/\",\"name\":\"Izolacija: \u010covek ili medved? - Filmoskopija\",\"isPartOf\":{\"@id\":\"https:\/\/filmoskopija.com\/#website\"},\"primaryImageOfPage\":{\"@id\":\"https:\/\/filmoskopija.com\/izolacija-covek-ili-medved\/#primaryimage\"},\"image\":{\"@id\":\"https:\/\/filmoskopija.com\/izolacija-covek-ili-medved\/#primaryimage\"},\"thumbnailUrl\":\"https:\/\/filmoskopija.com\/wp-content\/uploads\/2024\/11\/milos-bikovic-scaled.jpg\",\"datePublished\":\"2024-11-08T11:52:33+00:00\",\"dateModified\":\"2025-01-21T10:46:29+00:00\",\"author\":{\"@id\":\"https:\/\/filmoskopija.com\/#\/schema\/person\/e92c24349f45ece2ffebb933847d27b4\"},\"description\":\"Tek kada Izolacija postane deo urbanih filmskih legendi, mo\u0107i \u0107e na pravi na\u010din da se razume donekle vratolomni poduhvat njenog autora. Ja\u010dina originalnog gledala\u010dkog utiska ostavlja nas podjednako psiholo\u0161ko iscrpljenim kao Jovana, dok se, u duhu nedavno prohujale internet debate, pitamo da li bismo radije bili ostavljeni na milost i nemilost \u010doveka ili medveda.\",\"breadcrumb\":{\"@id\":\"https:\/\/filmoskopija.com\/izolacija-covek-ili-medved\/#breadcrumb\"},\"inLanguage\":\"en-US\",\"potentialAction\":[{\"@type\":\"ReadAction\",\"target\":[\"https:\/\/filmoskopija.com\/izolacija-covek-ili-medved\/\"]}]},{\"@type\":\"ImageObject\",\"inLanguage\":\"en-US\",\"@id\":\"https:\/\/filmoskopija.com\/izolacija-covek-ili-medved\/#primaryimage\",\"url\":\"https:\/\/filmoskopija.com\/wp-content\/uploads\/2024\/11\/milos-bikovic-scaled.jpg\",\"contentUrl\":\"https:\/\/filmoskopija.com\/wp-content\/uploads\/2024\/11\/milos-bikovic-scaled.jpg\",\"width\":2560,\"height\":1440,\"caption\":\"izolacija\"},{\"@type\":\"BreadcrumbList\",\"@id\":\"https:\/\/filmoskopija.com\/izolacija-covek-ili-medved\/#breadcrumb\",\"itemListElement\":[{\"@type\":\"ListItem\",\"position\":1,\"name\":\"Home\",\"item\":\"https:\/\/filmoskopija.com\/\"},{\"@type\":\"ListItem\",\"position\":2,\"name\":\"Izolacija: \u010covek ili medved?\"}]},{\"@type\":\"WebSite\",\"@id\":\"https:\/\/filmoskopija.com\/#website\",\"url\":\"https:\/\/filmoskopija.com\/\",\"name\":\"Filmoskopija\",\"description\":\"Filmske kritike, eseji, intervjui i vesti.\",\"potentialAction\":[{\"@type\":\"SearchAction\",\"target\":{\"@type\":\"EntryPoint\",\"urlTemplate\":\"https:\/\/filmoskopija.com\/?s={search_term_string}\"},\"query-input\":{\"@type\":\"PropertyValueSpecification\",\"valueRequired\":true,\"valueName\":\"search_term_string\"}}],\"inLanguage\":\"en-US\"},{\"@type\":\"Person\",\"@id\":\"https:\/\/filmoskopija.com\/#\/schema\/person\/e92c24349f45ece2ffebb933847d27b4\",\"name\":\"Ana \u0110o\u0161ev\",\"image\":{\"@type\":\"ImageObject\",\"inLanguage\":\"en-US\",\"@id\":\"https:\/\/filmoskopija.com\/#\/schema\/person\/image\/\",\"url\":\"https:\/\/filmoskopija.com\/wp-content\/uploads\/2025\/09\/cropped-a60976df-5f76-4ec5-9b84-0fabe6a8eb62-96x96.jpeg\",\"contentUrl\":\"https:\/\/filmoskopija.com\/wp-content\/uploads\/2025\/09\/cropped-a60976df-5f76-4ec5-9b84-0fabe6a8eb62-96x96.jpeg\",\"caption\":\"Ana \u0110o\u0161ev\"},\"description\":\"Ana \u0110o\u0161ev je studentkinja muzikologije. Bavi se pisanjem iz oblasti filma i muzike. Moderirala je razgovore sa filmskim autorima na nekoliko doma\u0107ih filmskih festivala i u\u010destvovala na vi\u0161e radionica pisane kritike u zemlji i inostranstvu. Svoje istra\u017eiva\u010dke radove na temu analize popularne muzike imala je priliku da predstavi i na internacionalnim konferencijama. Od marta 2026., saradnica je na ure\u0111ivanju Filmoskopije.\",\"url\":\"https:\/\/filmoskopija.com\/en\/author\/ana_djosev\/\"}]}<\/script>\n<!-- \/ Yoast SEO plugin. -->","yoast_head_json":{"title":"Izolacija: \u010covek ili medved? - Filmoskopija","description":"Tek kada Izolacija postane deo urbanih filmskih legendi, mo\u0107i \u0107e na pravi na\u010din da se razume donekle vratolomni poduhvat njenog autora. Ja\u010dina originalnog gledala\u010dkog utiska ostavlja nas podjednako psiholo\u0161ko iscrpljenim kao Jovana, dok se, u duhu nedavno prohujale internet debate, pitamo da li bismo radije bili ostavljeni na milost i nemilost \u010doveka ili medveda.","robots":{"index":"index","follow":"follow","max-snippet":"max-snippet:-1","max-image-preview":"max-image-preview:large","max-video-preview":"max-video-preview:-1"},"canonical":"https:\/\/filmoskopija.com\/en\/izolacija-covek-ili-medved\/","og_locale":"en_US","og_type":"article","og_title":"Izolacija: \u010covek ili medved? - Filmoskopija","og_description":"Tek kada Izolacija postane deo urbanih filmskih legendi, mo\u0107i \u0107e na pravi na\u010din da se razume donekle vratolomni poduhvat njenog autora. Ja\u010dina originalnog gledala\u010dkog utiska ostavlja nas podjednako psiholo\u0161ko iscrpljenim kao Jovana, dok se, u duhu nedavno prohujale internet debate, pitamo da li bismo radije bili ostavljeni na milost i nemilost \u010doveka ili medveda.","og_url":"https:\/\/filmoskopija.com\/en\/izolacija-covek-ili-medved\/","og_site_name":"Filmoskopija","article_published_time":"2024-11-08T11:52:33+00:00","article_modified_time":"2025-01-21T10:46:29+00:00","og_image":[{"width":2560,"height":1440,"url":"https:\/\/filmoskopija.com\/wp-content\/uploads\/2024\/11\/milos-bikovic-scaled.jpg","type":"image\/jpeg"}],"author":"Ana \u0110o\u0161ev","twitter_card":"summary_large_image","twitter_misc":{"Written by":"Ana \u0110o\u0161ev","Est. reading time":"4 minutes"},"schema":{"@context":"https:\/\/schema.org","@graph":[{"@type":"WebPage","@id":"https:\/\/filmoskopija.com\/izolacija-covek-ili-medved\/","url":"https:\/\/filmoskopija.com\/izolacija-covek-ili-medved\/","name":"Izolacija: \u010covek ili medved? - Filmoskopija","isPartOf":{"@id":"https:\/\/filmoskopija.com\/#website"},"primaryImageOfPage":{"@id":"https:\/\/filmoskopija.com\/izolacija-covek-ili-medved\/#primaryimage"},"image":{"@id":"https:\/\/filmoskopija.com\/izolacija-covek-ili-medved\/#primaryimage"},"thumbnailUrl":"https:\/\/filmoskopija.com\/wp-content\/uploads\/2024\/11\/milos-bikovic-scaled.jpg","datePublished":"2024-11-08T11:52:33+00:00","dateModified":"2025-01-21T10:46:29+00:00","author":{"@id":"https:\/\/filmoskopija.com\/#\/schema\/person\/e92c24349f45ece2ffebb933847d27b4"},"description":"Tek kada Izolacija postane deo urbanih filmskih legendi, mo\u0107i \u0107e na pravi na\u010din da se razume donekle vratolomni poduhvat njenog autora. Ja\u010dina originalnog gledala\u010dkog utiska ostavlja nas podjednako psiholo\u0161ko iscrpljenim kao Jovana, dok se, u duhu nedavno prohujale internet debate, pitamo da li bismo radije bili ostavljeni na milost i nemilost \u010doveka ili medveda.","breadcrumb":{"@id":"https:\/\/filmoskopija.com\/izolacija-covek-ili-medved\/#breadcrumb"},"inLanguage":"en-US","potentialAction":[{"@type":"ReadAction","target":["https:\/\/filmoskopija.com\/izolacija-covek-ili-medved\/"]}]},{"@type":"ImageObject","inLanguage":"en-US","@id":"https:\/\/filmoskopija.com\/izolacija-covek-ili-medved\/#primaryimage","url":"https:\/\/filmoskopija.com\/wp-content\/uploads\/2024\/11\/milos-bikovic-scaled.jpg","contentUrl":"https:\/\/filmoskopija.com\/wp-content\/uploads\/2024\/11\/milos-bikovic-scaled.jpg","width":2560,"height":1440,"caption":"izolacija"},{"@type":"BreadcrumbList","@id":"https:\/\/filmoskopija.com\/izolacija-covek-ili-medved\/#breadcrumb","itemListElement":[{"@type":"ListItem","position":1,"name":"Home","item":"https:\/\/filmoskopija.com\/"},{"@type":"ListItem","position":2,"name":"Izolacija: \u010covek ili medved?"}]},{"@type":"WebSite","@id":"https:\/\/filmoskopija.com\/#website","url":"https:\/\/filmoskopija.com\/","name":"Filmoskopija","description":"Filmske kritike, eseji, intervjui i vesti.","potentialAction":[{"@type":"SearchAction","target":{"@type":"EntryPoint","urlTemplate":"https:\/\/filmoskopija.com\/?s={search_term_string}"},"query-input":{"@type":"PropertyValueSpecification","valueRequired":true,"valueName":"search_term_string"}}],"inLanguage":"en-US"},{"@type":"Person","@id":"https:\/\/filmoskopija.com\/#\/schema\/person\/e92c24349f45ece2ffebb933847d27b4","name":"Ana \u0110o\u0161ev","image":{"@type":"ImageObject","inLanguage":"en-US","@id":"https:\/\/filmoskopija.com\/#\/schema\/person\/image\/","url":"https:\/\/filmoskopija.com\/wp-content\/uploads\/2025\/09\/cropped-a60976df-5f76-4ec5-9b84-0fabe6a8eb62-96x96.jpeg","contentUrl":"https:\/\/filmoskopija.com\/wp-content\/uploads\/2025\/09\/cropped-a60976df-5f76-4ec5-9b84-0fabe6a8eb62-96x96.jpeg","caption":"Ana \u0110o\u0161ev"},"description":"Ana \u0110o\u0161ev je studentkinja muzikologije. Bavi se pisanjem iz oblasti filma i muzike. Moderirala je razgovore sa filmskim autorima na nekoliko doma\u0107ih filmskih festivala i u\u010destvovala na vi\u0161e radionica pisane kritike u zemlji i inostranstvu. Svoje istra\u017eiva\u010dke radove na temu analize popularne muzike imala je priliku da predstavi i na internacionalnim konferencijama. Od marta 2026., saradnica je na ure\u0111ivanju Filmoskopije.","url":"https:\/\/filmoskopija.com\/en\/author\/ana_djosev\/"}]}},"_links":{"self":[{"href":"https:\/\/filmoskopija.com\/en\/wp-json\/wp\/v2\/posts\/5624","targetHints":{"allow":["GET"]}}],"collection":[{"href":"https:\/\/filmoskopija.com\/en\/wp-json\/wp\/v2\/posts"}],"about":[{"href":"https:\/\/filmoskopija.com\/en\/wp-json\/wp\/v2\/types\/post"}],"author":[{"embeddable":true,"href":"https:\/\/filmoskopija.com\/en\/wp-json\/wp\/v2\/users\/10"}],"replies":[{"embeddable":true,"href":"https:\/\/filmoskopija.com\/en\/wp-json\/wp\/v2\/comments?post=5624"}],"version-history":[{"count":6,"href":"https:\/\/filmoskopija.com\/en\/wp-json\/wp\/v2\/posts\/5624\/revisions"}],"predecessor-version":[{"id":5758,"href":"https:\/\/filmoskopija.com\/en\/wp-json\/wp\/v2\/posts\/5624\/revisions\/5758"}],"wp:featuredmedia":[{"embeddable":true,"href":"https:\/\/filmoskopija.com\/en\/wp-json\/wp\/v2\/media\/5757"}],"wp:attachment":[{"href":"https:\/\/filmoskopija.com\/en\/wp-json\/wp\/v2\/media?parent=5624"}],"wp:term":[{"taxonomy":"category","embeddable":true,"href":"https:\/\/filmoskopija.com\/en\/wp-json\/wp\/v2\/categories?post=5624"},{"taxonomy":"post_tag","embeddable":true,"href":"https:\/\/filmoskopija.com\/en\/wp-json\/wp\/v2\/tags?post=5624"}],"curies":[{"name":"wp","href":"https:\/\/api.w.org\/{rel}","templated":true}]}}