{"id":5871,"date":"2025-05-19T18:58:46","date_gmt":"2025-05-19T16:58:46","guid":{"rendered":"https:\/\/filmoskopija.com\/?p=5871"},"modified":"2025-05-22T13:39:27","modified_gmt":"2025-05-22T11:39:27","slug":"hana-nobis-vazno-je-ostati-veran-istini-pogotovo-ako-pricas-tudju-pricu","status":"publish","type":"post","link":"https:\/\/filmoskopija.com\/en\/hana-nobis-vazno-je-ostati-veran-istini-pogotovo-ako-pricas-tudju-pricu\/","title":{"rendered":"Hana Nobis: \u201eVa\u017eno je ostati veran istini, pogotovo ako pri\u010da\u0161 tu\u0111u pri\u010du\u201c"},"content":{"rendered":"<div class=\"wpb-content-wrapper\"><div class=\"vc_row wpb_row vc_row-fluid\" ><div class=\"wpb_column vc_column_container vc_col-sm-12 vc_col-sm-offset-0\"><div class=\"vc_column-inner\"><div class=\"wpb_wrapper\"><div class=\"edgtf-elements-holder   edgtf-one-column  edgtf-responsive-mode-768\" ><div class=\"edgtf-eh-item\"  data-item-class=\"edgtf-eh-custom-1455\">\n\t<div class=\"edgtf-eh-item-inner\">\n\t\t<div class=\"edgtf-eh-item-content edgtf-eh-custom-1455\" >\n\t\t\t<div class=\"edgtf-separator-holder clearfix  edgtf-separator-center\">\n\t<div class=\"edgtf-separator\" style=\"border-style: dashed;width: 70%;border-bottom-width: 3px;margin-top: 30px;margin-bottom: 30px\"><\/div>\n<\/div>\n\t\t<\/div>\n\t<\/div>\n<\/div><\/div>\n\t<div class=\"wpb_text_column wpb_content_element vc_custom_1747570991735\" >\n\t\t<div class=\"wpb_wrapper\">\n\t\t\t<p style=\"text-align: center;\"><strong>Intervju sa rediteljkom Hanom Nobis<\/strong><\/p>\n\n\t\t<\/div>\n\t<\/div>\n<div class=\"edgtf-elements-holder   edgtf-one-column  edgtf-responsive-mode-768\" ><div class=\"edgtf-eh-item\"  data-item-class=\"edgtf-eh-custom-3796\">\n\t<div class=\"edgtf-eh-item-inner\">\n\t\t<div class=\"edgtf-eh-item-content edgtf-eh-custom-3796\" >\n\t\t\t<div class=\"edgtf-separator-holder clearfix  edgtf-separator-center\">\n\t<div class=\"edgtf-separator\" style=\"border-style: dashed;width: 70%;border-bottom-width: 3px;margin-top: 30px;margin-bottom: 15px\"><\/div>\n<\/div>\n\t\t<\/div>\n\t<\/div>\n<\/div><\/div><div class=\"edgtf-elements-holder article-body-boxed  edgtf-one-column  edgtf-responsive-mode-768\" ><div class=\"edgtf-eh-item\"  data-item-class=\"edgtf-eh-custom-7636\">\n\t<div class=\"edgtf-eh-item-inner\">\n\t\t<div class=\"edgtf-eh-item-content edgtf-eh-custom-7636\" >\n\t\t\t\n\t<div class=\"wpb_text_column wpb_content_element\" >\n\t\t<div class=\"wpb_wrapper\">\n\t\t\t<p>Povodom izlaska srpske verzije <a href=\"https:\/\/www.beldocs.rs\/celuloidna-solidarnost-razgovor-o-podkastu-i-savremenom-poljskom-filmu\/\">podkasta Celuloidna solidarnost<\/a>, koji promovi\u0161e savremene poljske filmske stvaraoce, razgovarali smo sa Hanom Nobis, umetnicom i rediteljkom koja stoji iza dokumentarnog ostvarenja <em>Polish Prayers<\/em> (2022). Njen prvenac bavi se dvadesetdvogodi\u0161njim Antekom, pripadnikom radikalno desni\u010darske katoli\u010dke zajednice, i njegovim temeljnim preispitivanjem sopstvenih uverenja nakon \u0161to se zaljubi. Od Hane saznajemo o izazovima i nepredvidivoj prirodi dokumentaristike, odnosu umetnika i posmatranog subjekta, ali i o razumevanju druga\u010dijih ideolo\u0161kih ube\u0111enja. Film <em>Polish Prayers <\/em>\u2013 kod nas preveden kao <em>Mladost u Poljskoj <\/em>ili <em>Poljske molitve<\/em> \u2013 dostupan je u Srbiji na HBO Max striming platformi.<\/p>\n<p><strong>\u00a0<\/strong><\/p>\n<p><strong>Kao rediteljki dokumentarnih filmova, sigurno ti je na momente frustriraju\u0107e kada poku\u0161ava\u0161 da prika\u017ee\u0161 svoje protagoniste na autenti\u010dan na\u010din, s obzirom na njihovu nelagodnost zbog prisustva kamere ili \u017eelju da se prika\u017eu u odre\u0111enom svetlu. Da li si, tokom poprili\u010dno dugog vremenskog perioda koji si provela u ovoj konzervativnoj zajednici, stekla utisak da su se suzdr\u017eavali? Ili su pak ponosno iskazivali svoja ekstremna uverenja? Da li su se postepeno opu\u0161tali pred objektivom?<\/strong><\/p>\n<p>Odgovor \u0107e biti zaista dosadan, ali sve ovo je stvar procesa. Ne \u017eelim da budem osoba koja citira Fukoa (<em>smeh<\/em>), ali ovaj svet jeste pozornica. Svi imamo maske ili obrasce pona\u0161anja koje koristimo u odre\u0111enim situacijama. Nije mi te\u0161ko padala ideja da ljudi glume pred kamerama. Ipak, bilo mi je od klju\u010dne va\u017enosti da ih prika\u017eem onakvima kakvi zaista jesu, a ne na izve\u0161ta\u010den na\u010din, ili kao nekakve propovednike. Htela sam da poka\u017eem da su i oni ljudi, kao i svi ostali. Dehumanizacija je, po meni, jedna od najgorih stvari na svetu, i za mene bi bilo dehumanizuju\u0107e da sam isticala isklju\u010divo problemati\u010dne aspekte njihovih li\u010dnosti.<\/p>\n<p>&nbsp;<\/p>\n<p><strong>Sti\u010de<\/strong><strong> se utisak da si zaista \u017eelela da prika\u017ee\u0161 \u017eivote ovih desni\u010darskih aktivista bez predrasuda, dopu\u0161taju\u0107i snimljenom materijalu da govori u svoje ime. Da li je za tebe bilo optere\u0107uju\u0107e da snosi\u0161 odgovornost autenti\u010dne reprezentacije grupe ljudi koja je ne samo kontroverzna, ve\u0107 i opasna?<\/strong><\/p>\n<p>Ne mislim da je bila moja odgovornost da ih predstavim [na autenti\u010dan na\u010din]. Nije bilo na\u010dina da zaobi\u0111em istinu, a to je da ih promatram sa \u201edruge strane\u201c [u pogledu politi\u010dke orijentacije] i da sam fundamentalno druga\u010dija od njih. Ja ih zaista ne mogu predstavljati i to nije tema ovog filma. U po\u010detku, ljudi iz produkcije su sumnjali u mogu\u0107nost ovih mladi\u0107a da percipiraju umetnost i kreativnost. Pokazivali smo im snimljeni materijal kako bismo ih \u201eubedili\u201c u vrednost onoga \u0161to stvaramo. Zapravo su bili zainteresovani za ono \u0161to mi \u201edrugi\u201c radimo. Naravno, sama zajednica je imala mnoge predrasude o meni i mom radu, i mu\u010dila ih je ideja da film ne bi bio veran prikaz njihovog na\u010dina \u017eivota. Ipak, na kraju su prihvatili finalni narativ ostvarenja. Po njima, ve\u0107ina tradicionalista ostaje dosledno svojim uverenjima, tako da je Antekova pri\u010da na neki na\u010din ispala anti-primer.<\/p>\n<p>&nbsp;<\/p>\n<p><strong>U filmu <em>Polish Prayers<\/em>, upravo taj slobodni narativni tok ostavlja prostor za saose\u0107anje sa protagonistima, ali i radoznalost gledaoca. Tvoja li\u010dna ideologija nikad ne predstavlja prepreku u vernom predstavljanju Anteka. Da li je ovo bilo namerno, ili si imala druga\u010dija o\u010dekivanja pre samog po\u010detka snimanja? <\/strong><\/p>\n<p>Recimo da sam bila dovoljno skromna, ili dovoljno luda, da verujem u svoju ideju. Kada smo upoznali Anteka, znali smo da \u0107e to biti na\u0161a pri\u010da. Znali smo da \u0107e ovaj momak do\u017eiveti transformaciju. Nisam bila sigurna da li bi to bilo dovoljno interesantno za dugometra\u017eni film, ta njegova unutra\u0161nja promena. Ipak, bila sam tvrdoglava u svom izboru. Prethodno si pomenula saose\u0107anje. Ja ne mislim da je to saose\u0107anje. Svidelo mi se kad si rekla da je film pun emotivnog naboja, jer je u pitanju moj prvi film i ne smatram da je toliko zanimljiv. Sumnjala sam u svoje sposobnosti pri\u010danja pri\u010de i pisanja scenarija. Nau\u010dila sam mnogo toga u samom procesu stvaranja. Napisala sam scenario tek kada sam na\u0161la producenta i aplicirala za finansiranje. Imam ose\u0107aj da u Poljskoj, a i \u0161ire u isto\u010dnoj Evropi, scenario nije klju\u010dan u odlu\u010divanju da li \u0107e projekat dobiti podr\u0161ku ili ne, ali u \u0160vajcarskoj je izuzetno va\u017ean.<\/p>\n<p>&nbsp;<\/p>\n<p><strong>Uprkos tome, ostavila si prostor filmu da di\u0161e svojim prirodnim tokom, nezavisno od scenarija. Koji je bio razlog za ovaj opservacijski tip snimanja?<\/strong><\/p>\n<p>Nisam \u017eelela da ih \u201espopadnem\u201c svojim sopstvenim idejama. Znam da su me pretra\u017eivali i znali su ko sam, ali uop\u0161te nisam imala \u017eelju da pri\u010dam o svojim stavovima. \u017delela sam da budem u potpunosti fokusirana na njih. Istina je da ljudi vole kada im se obratite sa \u017eeljom da zabele\u017eite njihovu stvarnost, to ih je zaintrigiralo. Bio je dug i naporan proces, jer su na po\u010detku, naravno, poku\u0161avali da instruiraju \u0161ta sme ili ne sme da se snima. Prvih \u0161est meseci sam sama istra\u017eivala teren pre ulaska ostatka ekipe i dosta su me ograni\u010davali. Tra\u017eili su da budem u delu gde obitavaju \u017eene, u skladu sa njihovim obi\u010dajima.<\/p>\n<p>&nbsp;<\/p>\n<p><strong>Da li je za tebe, kao levo orijentisanu \u017eenu, na momente bilo zastra\u0161uju\u0107e da bude\u0161 okru\u017eena ljudima koji se protive \u017eenskim reproduktivnim pravima i seksualnoj slobodi? Je li zbog ovoga dolazilo do tenzija i neprijatnosti na setu?<\/strong><\/p>\n<p>Nikada na setu, ne. Ali mo\u017ee se re\u0107i da je bilo te\u0161kih momenata. Kada smo snimali njihove izazove pre\u017eivljavanja u divljini Ukrajine, diskutovala sam se momcima, intuitivno znaju\u0107i da to treba da u\u010dinim dok Antek spava. Bilo smo premoreni i dva sata smo razgovarali o abortusu. Kada sam se vratila u Poljsku, pitala sam se kako je mogu\u0107e da nisam uspela da ih ubedim da druga\u010dije misle. Te\u0161ko mi je padala spoznaja da na njih ne mogu da uti\u010dem ni na koji na\u010din.<\/p>\n<p>&nbsp;<\/p>\n<p><strong>Oni su ipak indoktrinisani, zar ne?<\/strong><\/p>\n<p>Svi smo mi indoktrinisani, od strane Netfliksa, medija ili ne\u010dega drugog. Va\u017eno je biti iskren po tom pitanju, pogotovo u zemlji koja je polarizovana kao Poljska. Mislim da svaki levi\u010dar treba da vidi drugu stranu. Ipak, posebno mi je bilo te\u0161ko zbog moje ekipe. Jedna od devojaka koja je radila dizajn zvuka je gej i morala je satima da sedi u postprodukciji, slu\u0161aju\u0107i njihove parole protiv homoseksualaca. Znam da ju je to ubijalo u pojam. Pitala sam se \u2013 \u0161ta radim svojoj ekipi, svojim ljudima? Ali \u0161to se mene li\u010dno ti\u010de, nisam imala problem sa tim.<\/p>\n<p>&nbsp;<\/p>\n<p><strong>Rekla si da si razgovarala o problemati\u010dnim temama kada Antek nije slu\u0161ao. Da li misli\u0161 da je na njegovu korenitu promenu periferno uticalo to \u0161to si ga stavila u centar pa\u017enje?<\/strong><\/p>\n<p>Antek jako dugo nije znao da je glavni lik. Puno smo snimali u Var\u0161avi kada on nije bio tu i pokazivali smo mu materijale sa drugim momcima. Jednostavno je do\u017eivljavao sebe kao deo ekipe. Pored toga, on je neko ko je navikao da bude u centru pa\u017enje. Vrlo je harizmati\u010dan i obo\u017eava kada ga fotografi\u0161u.<\/p>\n<p>&nbsp;<\/p>\n<p><strong>Zna\u010di da mu je pa\u017enja prijala.<\/strong><\/p>\n<p>Da, voleo ju je na jako prirodan na\u010din.<\/p>\n<p>&nbsp;<\/p>\n<p><strong>Da li misli\u0161 da je nastanak filma terapeutski delovao na njega?<\/strong><\/p>\n<p>Nije bilo u pitanju snimanje, ve\u0107 suo\u010davanje sa ishodom nakon toga. Dopadalo mu se da u\u010destvuje u filmu, jer je bio u dru\u0161tvu i iskreno je simpatisao mene i ostatak ekipe. Voleo nas je kao ljude, jer je izuzetno dru\u017eeljubiv. Kada smo dolazili u njegov stan da ga snimamo, \u010desto su po sobama spavali njegovi prijatelji. On je tip osobe koja nikada nije sama.<\/p>\n<p>&nbsp;<\/p>\n<p><strong>Odatle poti\u010de me\u0111usobno razumevanje i poverenje. Dopadali ste mu se kao ljudi.<\/strong><\/p>\n<p>Svakako, povezanost je do\u0161la organski. Postoji neka sli\u010dnost izme\u0111u mene i Anteka, iako nam se verovanja toliko razlikuju.<\/p>\n<p>&nbsp;<\/p>\n<p><strong>Da li si mu govorila o svojim liberalnim uverenjima nakon \u0161to je pre\u0161ao na \u201edrugu stranu\u201c?<\/strong><\/p>\n<p>Zaista nisam, jer sam se i ja mnogo promenila tokom godina. Upla\u0161ila sam da \u0107e i\u0107i kroz \u017eivot kao biljka bez korena i da \u0107e upasti u zamku ekstremne levice. \u010citala sam puno literature iz psihologije koja govori o tome koliko \u010desto radikalni ljudi pre\u0111u iz jedne krajnosti u drugu. Znamo ljude koji to rade, poput politi\u010dara. Za mene je to jako dosadna i predvidiva pri\u010da.<\/p>\n<p><strong>\u00a0<\/strong><\/p>\n<p><strong>Da li je to razlog za\u0161to si ostavila prazan prostor na kraju? Njegova transformacija nije u potpunosti prikazana.<\/strong><\/p>\n<p>Va\u017eno je ostati veran istini, pogotovo ako pri\u010da\u0161 tu\u0111u pri\u010du. Istina je da on nije zaista postao levi\u010dar, ve\u0107 je negde na sredini spektra. Na samom kraju snimanja filma, Antek je bio u potpunosti izgubljen. Sada mu je mnogo bolje. Veren je i radikalno zaljubljen.<\/p>\n<p>&nbsp;<\/p>\n<p><strong>U \u017eenu? U filmu se izme\u0111u redova mogu i\u0161\u010ditati naznake kvir elemenata u Antekovoj li\u010dnosti.<\/strong><\/p>\n<p>Da, zaljubljen je u \u017eenu! Bilo je situacija kada smo ga snimali kako preispituje polne norme u vidu garderobe koja nije tipi\u010dna za mu\u0161karca. Eksperimentisao je sa svojom seksualno\u0161\u0107u, ali odlu\u010dili smo da to ne bude u finalnoj verziji.<\/p>\n<p>&nbsp;<\/p>\n<p><strong>Za\u0161to?<\/strong><strong>\u00a0<\/strong><\/p>\n<p>Ne bi bilo fer prema LGBT+ populaciji, jer Antek nije zapravo gej. Moj producent je bio dovoljno mudar da sugeri\u0161e da se to izostavi iz filma.<\/p>\n<p>&nbsp;<\/p>\n<p><strong>Koji stvaraoci su uticali na tvoj pristup ovom filmu?<\/strong><\/p>\n<p>Postoje reditelji koje zaista obo\u017eavam. Andrea Arnold je neko ko \u0107e zauvek biti u mom srcu \u2013 filmovi kao \u0161to su <em>Ameri\u010dka draga<\/em> (<em>American Honey<\/em>, 2016) i <em>Akvarijum<\/em> (<em>Fishtank<\/em>, 2009). Volim to \u0161to sara\u0111uje sa amaterima. Tako\u0111e jako cenim Kena Lou\u010da. Zanimaju me reditelji koji se bave socijalnim temama i dosta se ugledam na Lou\u010da. Istinski volim film i mislim da potreba za stvaranjem upravo poti\u010de iz te ljubavi. Bavljenje filmom nije lak posao i potrebno je biti pomalo lud da bi se upustio u to.<\/p>\n<p>&nbsp;<\/p>\n<p><strong>Da li mo\u017ee\u0161 da mi ka\u017ee\u0161 ne\u0161to o svom slede\u0107em filmu?<\/strong><\/p>\n<p>Snimamo film o \u017eeni koju moja ekipa i ja zovemo \u201emajka ambicije\u201c. Ona \u017eivi u jednom poljskom selu, nekoliko godina je vodila udru\u017eenje ruralnih doma\u0107ica i poslednje dve decenije se bavila socijalnim radom. Odlu\u010dila je da se upusti u nestrana\u010dku politiku i mi posmatramo njen rast i karijerni razvoj. Sve \u017eene u njenoj kampanji nose ru\u017ei\u010dastu boju i to joj je postao za\u0161titni znak. Zaista je ro\u0111ena da bude vo\u0111a i radi to na izuzetno \u201e\u017eenski\u201c na\u010din. Poku\u0161avamo da dotaknemo kranje granice dokumentarnog filma, kroz ja\u010dinu \u017eenstvene emocije i delanja.<\/p>\n<p>&nbsp;<\/p>\n<p>_____________________________________________________<\/p>\n<p>Program \u201eSolidarnost na ekranu &#8211; Filmska revija poljskog predsedavanja\u201c organizuje Institut Adam Mickjevi\u010d u okviru me\u0111unarodnog kulturnog programa poljskog predsedavanja Savetom Evropske unije 2025. godine.<\/p>\n<p>&nbsp;<\/p>\n<p><em>Fotografija Hane Nobis: Privatna arhiva.<\/em><\/p>\n\n\t\t<\/div>\n\t<\/div>\n\t\t<\/div>\n\t<\/div>\n<\/div><\/div><\/div><\/div><\/div><\/div>\n<\/div>","protected":false},"excerpt":{"rendered":"Intervju sa rediteljkom Hanom Nobis Povodom izlaska srpske verzije [...]","protected":false},"author":10,"featured_media":5884,"comment_status":"closed","ping_status":"closed","sticky":false,"template":"","format":"standard","meta":{"footnotes":""},"categories":[75],"tags":[519,92,521,522,517,516,520,518,523,524],"class_list":["post-5871","post","type-post","status-publish","format-standard","has-post-thumbnail","hentry","category-intervjui","tag-beldoks-filmovi","tag-filmoskopija","tag-hana-nobis","tag-hanka-nobis","tag-mladost-u-poljskoj","tag-novi-poljski-film","tag-polish-prayers","tag-poljske-molitve","tag-poljski-reditelj","tag-recenzija-beldoks"],"yoast_head":"<!-- This site is optimized with the Yoast SEO plugin v26.6 - https:\/\/yoast.com\/wordpress\/plugins\/seo\/ -->\n<title>Hana Nobis: \u201eVa\u017eno je ostati veran istini, pogotovo ako pri\u010da\u0161 tu\u0111u pri\u010du\u201c - Filmoskopija<\/title>\n<meta name=\"description\" content=\"Hana Nobis za Filmoskopiju govori o svom filmu &quot;Polish Prayers&quot; (Mladost u Poljskoj \/ Poljske molitve).\" \/>\n<meta name=\"robots\" content=\"index, follow, max-snippet:-1, max-image-preview:large, max-video-preview:-1\" \/>\n<link rel=\"canonical\" href=\"https:\/\/filmoskopija.com\/en\/hana-nobis-vazno-je-ostati-veran-istini-pogotovo-ako-pricas-tudju-pricu\/\" \/>\n<meta property=\"og:locale\" content=\"en_US\" \/>\n<meta property=\"og:type\" content=\"article\" \/>\n<meta property=\"og:title\" content=\"Hana Nobis: \u201eVa\u017eno je ostati veran istini, pogotovo ako pri\u010da\u0161 tu\u0111u pri\u010du\u201c - Filmoskopija\" \/>\n<meta property=\"og:description\" content=\"Hana Nobis za Filmoskopiju govori o svom filmu &quot;Polish Prayers&quot; (Mladost u Poljskoj \/ Poljske molitve).\" \/>\n<meta property=\"og:url\" content=\"https:\/\/filmoskopija.com\/en\/hana-nobis-vazno-je-ostati-veran-istini-pogotovo-ako-pricas-tudju-pricu\/\" \/>\n<meta property=\"og:site_name\" content=\"Filmoskopija\" \/>\n<meta property=\"article:published_time\" content=\"2025-05-19T16:58:46+00:00\" \/>\n<meta property=\"article:modified_time\" content=\"2025-05-22T11:39:27+00:00\" \/>\n<meta property=\"og:image\" content=\"https:\/\/filmoskopija.com\/wp-content\/uploads\/2025\/05\/1668692061073_1261x0904_0x0x0x0.png\" \/>\n\t<meta property=\"og:image:width\" content=\"1261\" \/>\n\t<meta property=\"og:image:height\" content=\"904\" \/>\n\t<meta property=\"og:image:type\" content=\"image\/png\" \/>\n<meta name=\"author\" content=\"Ana \u0110o\u0161ev\" \/>\n<meta name=\"twitter:card\" content=\"summary_large_image\" \/>\n<meta name=\"twitter:label1\" content=\"Written by\" \/>\n\t<meta name=\"twitter:data1\" content=\"Ana \u0110o\u0161ev\" \/>\n\t<meta name=\"twitter:label2\" content=\"Est. reading time\" \/>\n\t<meta name=\"twitter:data2\" content=\"8 minutes\" \/>\n<script type=\"application\/ld+json\" class=\"yoast-schema-graph\">{\"@context\":\"https:\/\/schema.org\",\"@graph\":[{\"@type\":\"WebPage\",\"@id\":\"https:\/\/filmoskopija.com\/hana-nobis-vazno-je-ostati-veran-istini-pogotovo-ako-pricas-tudju-pricu\/\",\"url\":\"https:\/\/filmoskopija.com\/hana-nobis-vazno-je-ostati-veran-istini-pogotovo-ako-pricas-tudju-pricu\/\",\"name\":\"Hana Nobis: \u201eVa\u017eno je ostati veran istini, pogotovo ako pri\u010da\u0161 tu\u0111u pri\u010du\u201c - Filmoskopija\",\"isPartOf\":{\"@id\":\"https:\/\/filmoskopija.com\/#website\"},\"primaryImageOfPage\":{\"@id\":\"https:\/\/filmoskopija.com\/hana-nobis-vazno-je-ostati-veran-istini-pogotovo-ako-pricas-tudju-pricu\/#primaryimage\"},\"image\":{\"@id\":\"https:\/\/filmoskopija.com\/hana-nobis-vazno-je-ostati-veran-istini-pogotovo-ako-pricas-tudju-pricu\/#primaryimage\"},\"thumbnailUrl\":\"https:\/\/filmoskopija.com\/wp-content\/uploads\/2025\/05\/1668692061073_1261x0904_0x0x0x0.png\",\"datePublished\":\"2025-05-19T16:58:46+00:00\",\"dateModified\":\"2025-05-22T11:39:27+00:00\",\"author\":{\"@id\":\"https:\/\/filmoskopija.com\/#\/schema\/person\/e92c24349f45ece2ffebb933847d27b4\"},\"description\":\"Hana Nobis za Filmoskopiju govori o svom filmu \\\"Polish Prayers\\\" (Mladost u Poljskoj \/ Poljske molitve).\",\"breadcrumb\":{\"@id\":\"https:\/\/filmoskopija.com\/hana-nobis-vazno-je-ostati-veran-istini-pogotovo-ako-pricas-tudju-pricu\/#breadcrumb\"},\"inLanguage\":\"en-US\",\"potentialAction\":[{\"@type\":\"ReadAction\",\"target\":[\"https:\/\/filmoskopija.com\/hana-nobis-vazno-je-ostati-veran-istini-pogotovo-ako-pricas-tudju-pricu\/\"]}]},{\"@type\":\"ImageObject\",\"inLanguage\":\"en-US\",\"@id\":\"https:\/\/filmoskopija.com\/hana-nobis-vazno-je-ostati-veran-istini-pogotovo-ako-pricas-tudju-pricu\/#primaryimage\",\"url\":\"https:\/\/filmoskopija.com\/wp-content\/uploads\/2025\/05\/1668692061073_1261x0904_0x0x0x0.png\",\"contentUrl\":\"https:\/\/filmoskopija.com\/wp-content\/uploads\/2025\/05\/1668692061073_1261x0904_0x0x0x0.png\",\"width\":1261,\"height\":904,\"caption\":\"hana nobis\"},{\"@type\":\"BreadcrumbList\",\"@id\":\"https:\/\/filmoskopija.com\/hana-nobis-vazno-je-ostati-veran-istini-pogotovo-ako-pricas-tudju-pricu\/#breadcrumb\",\"itemListElement\":[{\"@type\":\"ListItem\",\"position\":1,\"name\":\"Home\",\"item\":\"https:\/\/filmoskopija.com\/\"},{\"@type\":\"ListItem\",\"position\":2,\"name\":\"Hana Nobis: \u201eVa\u017eno je ostati veran istini, pogotovo ako pri\u010da\u0161 tu\u0111u pri\u010du\u201c\"}]},{\"@type\":\"WebSite\",\"@id\":\"https:\/\/filmoskopija.com\/#website\",\"url\":\"https:\/\/filmoskopija.com\/\",\"name\":\"Filmoskopija\",\"description\":\"Filmske kritike, eseji, intervjui i vesti.\",\"potentialAction\":[{\"@type\":\"SearchAction\",\"target\":{\"@type\":\"EntryPoint\",\"urlTemplate\":\"https:\/\/filmoskopija.com\/?s={search_term_string}\"},\"query-input\":{\"@type\":\"PropertyValueSpecification\",\"valueRequired\":true,\"valueName\":\"search_term_string\"}}],\"inLanguage\":\"en-US\"},{\"@type\":\"Person\",\"@id\":\"https:\/\/filmoskopija.com\/#\/schema\/person\/e92c24349f45ece2ffebb933847d27b4\",\"name\":\"Ana \u0110o\u0161ev\",\"image\":{\"@type\":\"ImageObject\",\"inLanguage\":\"en-US\",\"@id\":\"https:\/\/filmoskopija.com\/#\/schema\/person\/image\/\",\"url\":\"https:\/\/filmoskopija.com\/wp-content\/uploads\/2025\/09\/cropped-a60976df-5f76-4ec5-9b84-0fabe6a8eb62-96x96.jpeg\",\"contentUrl\":\"https:\/\/filmoskopija.com\/wp-content\/uploads\/2025\/09\/cropped-a60976df-5f76-4ec5-9b84-0fabe6a8eb62-96x96.jpeg\",\"caption\":\"Ana \u0110o\u0161ev\"},\"description\":\"Ana \u0110o\u0161ev je studentkinja muzikologije. Bavi se pisanjem iz oblasti filma i muzike. Moderirala je razgovore sa filmskim autorima na nekoliko doma\u0107ih filmskih festivala i u\u010destvovala na vi\u0161e radionica pisane kritike u zemlji i inostranstvu. Svoje istra\u017eiva\u010dke radove na temu analize popularne muzike imala je priliku da predstavi i na internacionalnim konferencijama. Od marta 2026., saradnica je na ure\u0111ivanju Filmoskopije.\",\"url\":\"https:\/\/filmoskopija.com\/en\/author\/ana_djosev\/\"}]}<\/script>\n<!-- \/ Yoast SEO plugin. -->","yoast_head_json":{"title":"Hana Nobis: \u201eVa\u017eno je ostati veran istini, pogotovo ako pri\u010da\u0161 tu\u0111u pri\u010du\u201c - Filmoskopija","description":"Hana Nobis za Filmoskopiju govori o svom filmu \"Polish Prayers\" (Mladost u Poljskoj \/ Poljske molitve).","robots":{"index":"index","follow":"follow","max-snippet":"max-snippet:-1","max-image-preview":"max-image-preview:large","max-video-preview":"max-video-preview:-1"},"canonical":"https:\/\/filmoskopija.com\/en\/hana-nobis-vazno-je-ostati-veran-istini-pogotovo-ako-pricas-tudju-pricu\/","og_locale":"en_US","og_type":"article","og_title":"Hana Nobis: \u201eVa\u017eno je ostati veran istini, pogotovo ako pri\u010da\u0161 tu\u0111u pri\u010du\u201c - Filmoskopija","og_description":"Hana Nobis za Filmoskopiju govori o svom filmu \"Polish Prayers\" (Mladost u Poljskoj \/ Poljske molitve).","og_url":"https:\/\/filmoskopija.com\/en\/hana-nobis-vazno-je-ostati-veran-istini-pogotovo-ako-pricas-tudju-pricu\/","og_site_name":"Filmoskopija","article_published_time":"2025-05-19T16:58:46+00:00","article_modified_time":"2025-05-22T11:39:27+00:00","og_image":[{"width":1261,"height":904,"url":"https:\/\/filmoskopija.com\/wp-content\/uploads\/2025\/05\/1668692061073_1261x0904_0x0x0x0.png","type":"image\/png"}],"author":"Ana \u0110o\u0161ev","twitter_card":"summary_large_image","twitter_misc":{"Written by":"Ana \u0110o\u0161ev","Est. reading time":"8 minutes"},"schema":{"@context":"https:\/\/schema.org","@graph":[{"@type":"WebPage","@id":"https:\/\/filmoskopija.com\/hana-nobis-vazno-je-ostati-veran-istini-pogotovo-ako-pricas-tudju-pricu\/","url":"https:\/\/filmoskopija.com\/hana-nobis-vazno-je-ostati-veran-istini-pogotovo-ako-pricas-tudju-pricu\/","name":"Hana Nobis: \u201eVa\u017eno je ostati veran istini, pogotovo ako pri\u010da\u0161 tu\u0111u pri\u010du\u201c - Filmoskopija","isPartOf":{"@id":"https:\/\/filmoskopija.com\/#website"},"primaryImageOfPage":{"@id":"https:\/\/filmoskopija.com\/hana-nobis-vazno-je-ostati-veran-istini-pogotovo-ako-pricas-tudju-pricu\/#primaryimage"},"image":{"@id":"https:\/\/filmoskopija.com\/hana-nobis-vazno-je-ostati-veran-istini-pogotovo-ako-pricas-tudju-pricu\/#primaryimage"},"thumbnailUrl":"https:\/\/filmoskopija.com\/wp-content\/uploads\/2025\/05\/1668692061073_1261x0904_0x0x0x0.png","datePublished":"2025-05-19T16:58:46+00:00","dateModified":"2025-05-22T11:39:27+00:00","author":{"@id":"https:\/\/filmoskopija.com\/#\/schema\/person\/e92c24349f45ece2ffebb933847d27b4"},"description":"Hana Nobis za Filmoskopiju govori o svom filmu \"Polish Prayers\" (Mladost u Poljskoj \/ Poljske molitve).","breadcrumb":{"@id":"https:\/\/filmoskopija.com\/hana-nobis-vazno-je-ostati-veran-istini-pogotovo-ako-pricas-tudju-pricu\/#breadcrumb"},"inLanguage":"en-US","potentialAction":[{"@type":"ReadAction","target":["https:\/\/filmoskopija.com\/hana-nobis-vazno-je-ostati-veran-istini-pogotovo-ako-pricas-tudju-pricu\/"]}]},{"@type":"ImageObject","inLanguage":"en-US","@id":"https:\/\/filmoskopija.com\/hana-nobis-vazno-je-ostati-veran-istini-pogotovo-ako-pricas-tudju-pricu\/#primaryimage","url":"https:\/\/filmoskopija.com\/wp-content\/uploads\/2025\/05\/1668692061073_1261x0904_0x0x0x0.png","contentUrl":"https:\/\/filmoskopija.com\/wp-content\/uploads\/2025\/05\/1668692061073_1261x0904_0x0x0x0.png","width":1261,"height":904,"caption":"hana nobis"},{"@type":"BreadcrumbList","@id":"https:\/\/filmoskopija.com\/hana-nobis-vazno-je-ostati-veran-istini-pogotovo-ako-pricas-tudju-pricu\/#breadcrumb","itemListElement":[{"@type":"ListItem","position":1,"name":"Home","item":"https:\/\/filmoskopija.com\/"},{"@type":"ListItem","position":2,"name":"Hana Nobis: \u201eVa\u017eno je ostati veran istini, pogotovo ako pri\u010da\u0161 tu\u0111u pri\u010du\u201c"}]},{"@type":"WebSite","@id":"https:\/\/filmoskopija.com\/#website","url":"https:\/\/filmoskopija.com\/","name":"Filmoskopija","description":"Filmske kritike, eseji, intervjui i vesti.","potentialAction":[{"@type":"SearchAction","target":{"@type":"EntryPoint","urlTemplate":"https:\/\/filmoskopija.com\/?s={search_term_string}"},"query-input":{"@type":"PropertyValueSpecification","valueRequired":true,"valueName":"search_term_string"}}],"inLanguage":"en-US"},{"@type":"Person","@id":"https:\/\/filmoskopija.com\/#\/schema\/person\/e92c24349f45ece2ffebb933847d27b4","name":"Ana \u0110o\u0161ev","image":{"@type":"ImageObject","inLanguage":"en-US","@id":"https:\/\/filmoskopija.com\/#\/schema\/person\/image\/","url":"https:\/\/filmoskopija.com\/wp-content\/uploads\/2025\/09\/cropped-a60976df-5f76-4ec5-9b84-0fabe6a8eb62-96x96.jpeg","contentUrl":"https:\/\/filmoskopija.com\/wp-content\/uploads\/2025\/09\/cropped-a60976df-5f76-4ec5-9b84-0fabe6a8eb62-96x96.jpeg","caption":"Ana \u0110o\u0161ev"},"description":"Ana \u0110o\u0161ev je studentkinja muzikologije. Bavi se pisanjem iz oblasti filma i muzike. Moderirala je razgovore sa filmskim autorima na nekoliko doma\u0107ih filmskih festivala i u\u010destvovala na vi\u0161e radionica pisane kritike u zemlji i inostranstvu. Svoje istra\u017eiva\u010dke radove na temu analize popularne muzike imala je priliku da predstavi i na internacionalnim konferencijama. Od marta 2026., saradnica je na ure\u0111ivanju Filmoskopije.","url":"https:\/\/filmoskopija.com\/en\/author\/ana_djosev\/"}]}},"_links":{"self":[{"href":"https:\/\/filmoskopija.com\/en\/wp-json\/wp\/v2\/posts\/5871","targetHints":{"allow":["GET"]}}],"collection":[{"href":"https:\/\/filmoskopija.com\/en\/wp-json\/wp\/v2\/posts"}],"about":[{"href":"https:\/\/filmoskopija.com\/en\/wp-json\/wp\/v2\/types\/post"}],"author":[{"embeddable":true,"href":"https:\/\/filmoskopija.com\/en\/wp-json\/wp\/v2\/users\/10"}],"replies":[{"embeddable":true,"href":"https:\/\/filmoskopija.com\/en\/wp-json\/wp\/v2\/comments?post=5871"}],"version-history":[{"count":7,"href":"https:\/\/filmoskopija.com\/en\/wp-json\/wp\/v2\/posts\/5871\/revisions"}],"predecessor-version":[{"id":5900,"href":"https:\/\/filmoskopija.com\/en\/wp-json\/wp\/v2\/posts\/5871\/revisions\/5900"}],"wp:featuredmedia":[{"embeddable":true,"href":"https:\/\/filmoskopija.com\/en\/wp-json\/wp\/v2\/media\/5884"}],"wp:attachment":[{"href":"https:\/\/filmoskopija.com\/en\/wp-json\/wp\/v2\/media?parent=5871"}],"wp:term":[{"taxonomy":"category","embeddable":true,"href":"https:\/\/filmoskopija.com\/en\/wp-json\/wp\/v2\/categories?post=5871"},{"taxonomy":"post_tag","embeddable":true,"href":"https:\/\/filmoskopija.com\/en\/wp-json\/wp\/v2\/tags?post=5871"}],"curies":[{"name":"wp","href":"https:\/\/api.w.org\/{rel}","templated":true}]}}