{"id":6214,"date":"2026-05-01T07:13:51","date_gmt":"2026-05-01T05:13:51","guid":{"rendered":"https:\/\/filmoskopija.com\/?p=6214"},"modified":"2026-05-01T07:15:47","modified_gmt":"2026-05-01T05:15:47","slug":"majkl-covek-iza-pop-fantazma","status":"publish","type":"post","link":"https:\/\/filmoskopija.com\/en\/majkl-covek-iza-pop-fantazma\/","title":{"rendered":"Majkl: \u010covek iz(a) pop fantazma"},"content":{"rendered":"<div class=\"wpb-content-wrapper\"><div class=\"vc_row wpb_row vc_row-fluid\" ><div class=\"wpb_column vc_column_container vc_col-sm-12 vc_col-sm-offset-0\"><div class=\"vc_column-inner\"><div class=\"wpb_wrapper\"><div class=\"edgtf-elements-holder   edgtf-one-column  edgtf-responsive-mode-768\" ><div class=\"edgtf-eh-item\"  data-item-class=\"edgtf-eh-custom-6588\">\n\t<div class=\"edgtf-eh-item-inner\">\n\t\t<div class=\"edgtf-eh-item-content edgtf-eh-custom-6588\" >\n\t\t\t<div class=\"edgtf-separator-holder clearfix  edgtf-separator-center\">\n\t<div class=\"edgtf-separator\" style=\"border-style: dashed;width: 70%;border-bottom-width: 3px;margin-top: 30px;margin-bottom: 30px\"><\/div>\n<\/div>\n\t\t<\/div>\n\t<\/div>\n<\/div><\/div>\n\t<div class=\"wpb_text_column wpb_content_element vc_custom_1777611226692\" >\n\t\t<div class=\"wpb_wrapper\">\n\t\t\t<p style=\"text-align: center;\"><strong>Kritika filma <em>Majkl<\/em><\/strong><\/p>\n\n\t\t<\/div>\n\t<\/div>\n<div class=\"edgtf-elements-holder   edgtf-one-column  edgtf-responsive-mode-768\" ><div class=\"edgtf-eh-item\"  data-item-class=\"edgtf-eh-custom-7129\">\n\t<div class=\"edgtf-eh-item-inner\">\n\t\t<div class=\"edgtf-eh-item-content edgtf-eh-custom-7129\" >\n\t\t\t<div class=\"edgtf-separator-holder clearfix  edgtf-separator-center\">\n\t<div class=\"edgtf-separator\" style=\"border-style: dashed;width: 70%;border-bottom-width: 3px;margin-top: 30px;margin-bottom: 15px\"><\/div>\n<\/div>\n\t\t<\/div>\n\t<\/div>\n<\/div><\/div><div class=\"edgtf-elements-holder article-body-boxed  edgtf-one-column  edgtf-responsive-mode-768\" ><div class=\"edgtf-eh-item\"  data-item-class=\"edgtf-eh-custom-9186\">\n\t<div class=\"edgtf-eh-item-inner\">\n\t\t<div class=\"edgtf-eh-item-content edgtf-eh-custom-9186\" >\n\t\t\t\n\t<div class=\"wpb_text_column wpb_content_element\" >\n\t\t<div class=\"wpb_wrapper\">\n\t\t\t<p style=\"text-align: center;\"><strong>NASLOV:\u00a0<em>Majkl (Michael)<\/em> \/ RE\u017dIJA: Antoan Fukua \/ SCENARIO: D\u017eon Logan \/ ULOGE: D\u017eafar D\u017eekson, Majls Teler, Kolman Domingo, Nia Long, i dr. \/ TRAJANJE: 138\u2019 \/ DR\u017dAVA: Ujedinjeno Kraljevstvo, Sjedinjene Ameri\u010dke Dr\u017eave \/ GODINA: 2026.<\/strong><\/p>\n<p>&nbsp;<\/p>\n<p>U susret (ponovnom) ameri\u010dkom osvajanju Meseca, reditelj Antoan Fukua i scenarista D\u017eon Logan o\u017eiveli su D\u017eeksonov <em>moonwalk<\/em> aprilskom premijerom muzi\u010dko-biografskog ostvarenja <em>Majkl<\/em>. Pri\u010da o \u017eivotu kultnog peva\u010da uvodi se skromnim po\u010decima u porodi\u010dnoj grupi D\u017eekson Fajv, a zaokru\u017eena je svojevrsnim vrhuncem solisti\u010dke karijere \u2014 turnejom <em>Bad<\/em> 1988. godine. Od <em>Majkla <\/em>ne treba o\u010dekivati nijansiran i temeljan pristup D\u017eeksonovom liku i delu. Radi se o filmu koji se ne boji da bude staromodno otrcan, ve\u0107 u\u017eiva u ekscesu svih stereotipa koji se vezuju za visokobud\u017eetne muzi\u010dke biografije, poput prezasi\u0107enja monta\u017enim sekvencama i (zlo)upotrebe hit numera u svim postoje\u0107im dijegetskim varijantama.<\/p>\n<p>Zadatak re\u017eiranja \u201eozbiljnog\u201c filma o peva\u010du koji je nebrojeno puta parodiran, seciran, obesmi\u0161ljen i ponovo (o)smi\u0161ljen pred o\u010dima javnosti nesumnjivo je nezahvalan. Kao poseban kamen spoticanja javlja se i kontroverza Majklovog notornog ran\u010da po imenu Nedo\u0111ija, za sada neobra\u0111ena na velikom ekranu, a koju Fukuin film tako\u0111e zaobilazi. Ne\u0161to va\u017enije jeste nedvosmisleno serviranje \u0161arene la\u017ee pop-fantazma savremenoj publici, budu\u0107i da ova biografija sasvim svesno orbitira u \u0161ljoki\u010dasto-sivoj zoni konstruisane javne persone \u2014 kako od strane samog izvo\u0111a\u010da, tako i zahvaljuju\u0107i \u010ditavom jednom zamr\u0161enom sistemu masovnih medija i produkcijskih ku\u0107a. Poput mnogih njemu srodnih <em>biopic<\/em>-a, <em>Majkl<\/em> je su\u0161tinski jedan modernisti\u010dki narativ o pop zvezdi kao misterioznom i izuzetnom pojedincu, koji na D\u017eeksonovu dugogodi\u0161nju planetarnu popularnost zumira bez pretenzija da preispita inherentnu plitkost ovakvog dru\u0161tvenog pozicioniranja peva\u010da.<\/p>\n<p>Kada se film dotakne problematike rasnih tenzija, te pote\u0161ko\u0107a afroameri\u010dkog \u017eivota u predgra\u0111u, i Majklovog kompleksnog odnosa sa ocem nasilnikom, njihovo filmsko predstavljanje podre\u0111eno je tabloidnoj iskri\u010davosti ove biografske pripovesti. Popularni umetnik, koga D\u017eafar D\u017eekson tuma\u010di kao detinjastog sanjara staklastog pogleda, u neprestanom je stanju performansa, pri \u010demu u <em>Majklu<\/em> do izra\u017eaja naro\u010dito dolazi sudar sinemati\u010dnog pripovedanja i autofikcije koju gradi sam peva\u010d u susretu sa sopstvenom slavom. Film vrlo uspe\u0161no koristi ideolo\u0161ku recepturu ameri\u010dkog sna, \u010diji su glavni sastojci za uspeh bogomdan talenat i tr\u017ei\u0161no orijentisana determinacija mladog, talentovanog momka. D\u017eekson od po\u010detka filma biva prikazan kao poseban u odnosu na svoju bra\u0107u, ali i dovoljno uzemljen da njegov kantautorski rad komunicira sa masom.<\/p>\n<p>Onoliko koliko \u0107e biti problemati\u010dan za okorele filmofile (ali i brojne aktiviste), film predstavlja (sa ili bez doze gri\u017ee savesti) dvo\u010dasovni u\u017eitak za istinske ljubitelje pop kulture. Li\u010dnosti poput Kvinsija D\u017eonsa (Kendrik Sempson), Suzan de Pas iz <em>Motown<\/em>-a (D\u017eesika Sula) i gitariste Edija Van Hejlena samo su neka od velikih imena muzi\u010dke istoriije 20. veka iz Majklove mre\u017ee industrijske podr\u0161ke. Pored toga, iskustvo reditelja Fukue na izradi video spotova (Prince, <em>The Most Beautiful Girl in the World<\/em>, 1994; Coolio, <em>Gangsta\u2019s Paradise<\/em>, 1995, i drugi) odredilo je vizuelni stil filma, kako na\u010din snimanja i upotrebu poznatih D\u017eeksonovih numera kao tematizovanu pozadinu za razvoj pri\u010de, tako i specifi\u010dnu pa\u017enju posve\u0107enu de\u0161avanjima \u201eiza scene\u201c. Neki od najuspelijih i najintimnijih momenata u filmu de\u0161avaju se kada Majkl provodi vreme u studiju. Gledalac je tada suo\u010den sa sirovim glasom bez matrice i mikro-ritualima koji prethode kreativnom procesu \u2014 njegovim uzbu\u0111enjem i bodrenjem pred sam po\u010detak snimanja. U krupnom planu daje se va\u017enost svakom udahu i drhtaju glasa, \u010diji se prepoznatljiv tembr i emotivni naboj poistove\u0107uju sa li\u010dno\u0161\u0107u peva\u010da.<\/p>\n<p><em>Majkl<\/em> svojom pomalo zastarelom stilizacijom pevu\u0161i poslednju otpozdravnu kadencu minulom vremenu planetarnih zvezda. Film slu\u017ei i kao simulakrum-svedok jednog javno-umetni\u010dkog imid\u017ea koji je odredio doba MTV-a i apsolutne dominacije anglo-ameri\u010dke pop scene. Obradova\u0107e mnoge koji \u0107e prona\u0107i deli\u0107 sebe u egzaltiranoj masi na (vi\u0161e puta ponovljenim) koncertnim scenama. Neke \u0107e i uvrediti svojim neumornim insistiranjem na pojednostavljenom, crno-belom sagledavanju \u017eivota muzi\u010dara \u010dija karijera, uprkos svim za\u010dkoljicama, ipak predstavlja slo\u017eeno polje za razumevanje kulturnih strujanja druge polovine pro\u0161log veka. \u010cekaju\u0107i predstoje\u0107i rasplet ove holivudske \u017eivotne peripetije u najavljenom nastavku, jo\u0161 uvek ostaje otvorena mogu\u0107nost \u017eanrovskog iskoraka iz na\u0161minkanog <em>bubblegum<\/em> soula u istinom natopljeni <em>thriller<\/em>.<\/p>\n<p>&nbsp;<\/p>\n<hr \/>\n<p><em>Naslovna fotografija iz filma <\/em>Majkl<em>: Taramount Film Promo.<\/em><\/p>\n\n\t\t<\/div>\n\t<\/div>\n\t\t<\/div>\n\t<\/div>\n<\/div><\/div><\/div><\/div><\/div><\/div>\n<\/div>","protected":false},"excerpt":{"rendered":"Kritika filma Majkl NASLOV:\u00a0Majkl (Michael) \/ RE\u017dIJA: Antoan Fukua [...]","protected":false},"author":10,"featured_media":6216,"comment_status":"closed","ping_status":"closed","sticky":false,"template":"","format":"standard","meta":{"footnotes":""},"categories":[73],"tags":[221,750,752,749,536,748,747,751],"class_list":["post-6214","post","type-post","status-publish","format-standard","has-post-thumbnail","hentry","category-kritike","tag-biografski-film","tag-dzafar-dzekson","tag-dzekson-fajv","tag-film-o-majklu-dzeksonu","tag-filmoskopija-kritike","tag-majkl-dzekson-film","tag-majkl-film","tag-majkl-film-recenzija"],"yoast_head":"<!-- This site is optimized with the Yoast SEO plugin v26.6 - https:\/\/yoast.com\/wordpress\/plugins\/seo\/ -->\n<title>Majkl: \u010covek iz(a) pop fantazma - Filmoskopija<\/title>\n<meta name=\"description\" content=\"Majkl svojom pomalo zastarelom stilizacijom pevu\u0161i poslednju otpozdravnu kadencu minulom vremenu planetarnih zvezda. Film slu\u017ei i kao simulakrum-svedok jednog javno-umetni\u010dkog imid\u017ea koji je odredio doba MTV-a i apsolutne dominacije anglo-ameri\u010dke pop scene.\" \/>\n<meta name=\"robots\" content=\"index, follow, max-snippet:-1, max-image-preview:large, max-video-preview:-1\" \/>\n<link rel=\"canonical\" href=\"https:\/\/filmoskopija.com\/en\/majkl-covek-iza-pop-fantazma\/\" \/>\n<meta property=\"og:locale\" content=\"en_US\" \/>\n<meta property=\"og:type\" content=\"article\" \/>\n<meta property=\"og:title\" content=\"Majkl: \u010covek iz(a) pop fantazma - Filmoskopija\" \/>\n<meta property=\"og:description\" content=\"Majkl svojom pomalo zastarelom stilizacijom pevu\u0161i poslednju otpozdravnu kadencu minulom vremenu planetarnih zvezda. Film slu\u017ei i kao simulakrum-svedok jednog javno-umetni\u010dkog imid\u017ea koji je odredio doba MTV-a i apsolutne dominacije anglo-ameri\u010dke pop scene.\" \/>\n<meta property=\"og:url\" content=\"https:\/\/filmoskopija.com\/en\/majkl-covek-iza-pop-fantazma\/\" \/>\n<meta property=\"og:site_name\" content=\"Filmoskopija\" \/>\n<meta property=\"article:published_time\" content=\"2026-05-01T05:13:51+00:00\" \/>\n<meta property=\"article:modified_time\" content=\"2026-05-01T05:15:47+00:00\" \/>\n<meta property=\"og:image\" content=\"https:\/\/filmoskopija.com\/wp-content\/uploads\/2026\/05\/153_PBW_1180_CIN_v0018_COMP_g_r709.1025-scaled.jpg\" \/>\n\t<meta property=\"og:image:width\" content=\"2560\" \/>\n\t<meta property=\"og:image:height\" content=\"1384\" \/>\n\t<meta property=\"og:image:type\" content=\"image\/jpeg\" \/>\n<meta name=\"author\" content=\"Ana \u0110o\u0161ev\" \/>\n<meta name=\"twitter:card\" content=\"summary_large_image\" \/>\n<meta name=\"twitter:label1\" content=\"Written by\" \/>\n\t<meta name=\"twitter:data1\" content=\"Ana \u0110o\u0161ev\" \/>\n\t<meta name=\"twitter:label2\" content=\"Est. reading time\" \/>\n\t<meta name=\"twitter:data2\" content=\"4 minutes\" \/>\n<script type=\"application\/ld+json\" class=\"yoast-schema-graph\">{\"@context\":\"https:\/\/schema.org\",\"@graph\":[{\"@type\":\"WebPage\",\"@id\":\"https:\/\/filmoskopija.com\/majkl-covek-iza-pop-fantazma\/\",\"url\":\"https:\/\/filmoskopija.com\/majkl-covek-iza-pop-fantazma\/\",\"name\":\"Majkl: \u010covek iz(a) pop fantazma - Filmoskopija\",\"isPartOf\":{\"@id\":\"https:\/\/filmoskopija.com\/#website\"},\"primaryImageOfPage\":{\"@id\":\"https:\/\/filmoskopija.com\/majkl-covek-iza-pop-fantazma\/#primaryimage\"},\"image\":{\"@id\":\"https:\/\/filmoskopija.com\/majkl-covek-iza-pop-fantazma\/#primaryimage\"},\"thumbnailUrl\":\"https:\/\/filmoskopija.com\/wp-content\/uploads\/2026\/05\/153_PBW_1180_CIN_v0018_COMP_g_r709.1025-scaled.jpg\",\"datePublished\":\"2026-05-01T05:13:51+00:00\",\"dateModified\":\"2026-05-01T05:15:47+00:00\",\"author\":{\"@id\":\"https:\/\/filmoskopija.com\/#\/schema\/person\/e92c24349f45ece2ffebb933847d27b4\"},\"description\":\"Majkl svojom pomalo zastarelom stilizacijom pevu\u0161i poslednju otpozdravnu kadencu minulom vremenu planetarnih zvezda. Film slu\u017ei i kao simulakrum-svedok jednog javno-umetni\u010dkog imid\u017ea koji je odredio doba MTV-a i apsolutne dominacije anglo-ameri\u010dke pop scene.\",\"breadcrumb\":{\"@id\":\"https:\/\/filmoskopija.com\/majkl-covek-iza-pop-fantazma\/#breadcrumb\"},\"inLanguage\":\"en-US\",\"potentialAction\":[{\"@type\":\"ReadAction\",\"target\":[\"https:\/\/filmoskopija.com\/majkl-covek-iza-pop-fantazma\/\"]}]},{\"@type\":\"ImageObject\",\"inLanguage\":\"en-US\",\"@id\":\"https:\/\/filmoskopija.com\/majkl-covek-iza-pop-fantazma\/#primaryimage\",\"url\":\"https:\/\/filmoskopija.com\/wp-content\/uploads\/2026\/05\/153_PBW_1180_CIN_v0018_COMP_g_r709.1025-scaled.jpg\",\"contentUrl\":\"https:\/\/filmoskopija.com\/wp-content\/uploads\/2026\/05\/153_PBW_1180_CIN_v0018_COMP_g_r709.1025-scaled.jpg\",\"width\":2560,\"height\":1384,\"caption\":\"majkl\"},{\"@type\":\"BreadcrumbList\",\"@id\":\"https:\/\/filmoskopija.com\/majkl-covek-iza-pop-fantazma\/#breadcrumb\",\"itemListElement\":[{\"@type\":\"ListItem\",\"position\":1,\"name\":\"Home\",\"item\":\"https:\/\/filmoskopija.com\/\"},{\"@type\":\"ListItem\",\"position\":2,\"name\":\"Majkl: \u010covek iz(a) pop fantazma\"}]},{\"@type\":\"WebSite\",\"@id\":\"https:\/\/filmoskopija.com\/#website\",\"url\":\"https:\/\/filmoskopija.com\/\",\"name\":\"Filmoskopija\",\"description\":\"Filmske kritike, eseji, intervjui i vesti.\",\"potentialAction\":[{\"@type\":\"SearchAction\",\"target\":{\"@type\":\"EntryPoint\",\"urlTemplate\":\"https:\/\/filmoskopija.com\/?s={search_term_string}\"},\"query-input\":{\"@type\":\"PropertyValueSpecification\",\"valueRequired\":true,\"valueName\":\"search_term_string\"}}],\"inLanguage\":\"en-US\"},{\"@type\":\"Person\",\"@id\":\"https:\/\/filmoskopija.com\/#\/schema\/person\/e92c24349f45ece2ffebb933847d27b4\",\"name\":\"Ana \u0110o\u0161ev\",\"image\":{\"@type\":\"ImageObject\",\"inLanguage\":\"en-US\",\"@id\":\"https:\/\/filmoskopija.com\/#\/schema\/person\/image\/\",\"url\":\"https:\/\/filmoskopija.com\/wp-content\/uploads\/2025\/09\/cropped-a60976df-5f76-4ec5-9b84-0fabe6a8eb62-96x96.jpeg\",\"contentUrl\":\"https:\/\/filmoskopija.com\/wp-content\/uploads\/2025\/09\/cropped-a60976df-5f76-4ec5-9b84-0fabe6a8eb62-96x96.jpeg\",\"caption\":\"Ana \u0110o\u0161ev\"},\"description\":\"Ana \u0110o\u0161ev je studentkinja muzikologije. Bavi se pisanjem iz oblasti filma i muzike. Moderirala je razgovore sa filmskim autorima na nekoliko doma\u0107ih filmskih festivala i u\u010destvovala na vi\u0161e radionica pisane kritike u zemlji i inostranstvu. Svoje istra\u017eiva\u010dke radove na temu analize popularne muzike imala je priliku da predstavi i na internacionalnim konferencijama. Od marta 2026., saradnica je na ure\u0111ivanju Filmoskopije.\",\"url\":\"https:\/\/filmoskopija.com\/en\/author\/ana_djosev\/\"}]}<\/script>\n<!-- \/ Yoast SEO plugin. -->","yoast_head_json":{"title":"Majkl: \u010covek iz(a) pop fantazma - Filmoskopija","description":"Majkl svojom pomalo zastarelom stilizacijom pevu\u0161i poslednju otpozdravnu kadencu minulom vremenu planetarnih zvezda. Film slu\u017ei i kao simulakrum-svedok jednog javno-umetni\u010dkog imid\u017ea koji je odredio doba MTV-a i apsolutne dominacije anglo-ameri\u010dke pop scene.","robots":{"index":"index","follow":"follow","max-snippet":"max-snippet:-1","max-image-preview":"max-image-preview:large","max-video-preview":"max-video-preview:-1"},"canonical":"https:\/\/filmoskopija.com\/en\/majkl-covek-iza-pop-fantazma\/","og_locale":"en_US","og_type":"article","og_title":"Majkl: \u010covek iz(a) pop fantazma - Filmoskopija","og_description":"Majkl svojom pomalo zastarelom stilizacijom pevu\u0161i poslednju otpozdravnu kadencu minulom vremenu planetarnih zvezda. Film slu\u017ei i kao simulakrum-svedok jednog javno-umetni\u010dkog imid\u017ea koji je odredio doba MTV-a i apsolutne dominacije anglo-ameri\u010dke pop scene.","og_url":"https:\/\/filmoskopija.com\/en\/majkl-covek-iza-pop-fantazma\/","og_site_name":"Filmoskopija","article_published_time":"2026-05-01T05:13:51+00:00","article_modified_time":"2026-05-01T05:15:47+00:00","og_image":[{"width":2560,"height":1384,"url":"https:\/\/filmoskopija.com\/wp-content\/uploads\/2026\/05\/153_PBW_1180_CIN_v0018_COMP_g_r709.1025-scaled.jpg","type":"image\/jpeg"}],"author":"Ana \u0110o\u0161ev","twitter_card":"summary_large_image","twitter_misc":{"Written by":"Ana \u0110o\u0161ev","Est. reading time":"4 minutes"},"schema":{"@context":"https:\/\/schema.org","@graph":[{"@type":"WebPage","@id":"https:\/\/filmoskopija.com\/majkl-covek-iza-pop-fantazma\/","url":"https:\/\/filmoskopija.com\/majkl-covek-iza-pop-fantazma\/","name":"Majkl: \u010covek iz(a) pop fantazma - Filmoskopija","isPartOf":{"@id":"https:\/\/filmoskopija.com\/#website"},"primaryImageOfPage":{"@id":"https:\/\/filmoskopija.com\/majkl-covek-iza-pop-fantazma\/#primaryimage"},"image":{"@id":"https:\/\/filmoskopija.com\/majkl-covek-iza-pop-fantazma\/#primaryimage"},"thumbnailUrl":"https:\/\/filmoskopija.com\/wp-content\/uploads\/2026\/05\/153_PBW_1180_CIN_v0018_COMP_g_r709.1025-scaled.jpg","datePublished":"2026-05-01T05:13:51+00:00","dateModified":"2026-05-01T05:15:47+00:00","author":{"@id":"https:\/\/filmoskopija.com\/#\/schema\/person\/e92c24349f45ece2ffebb933847d27b4"},"description":"Majkl svojom pomalo zastarelom stilizacijom pevu\u0161i poslednju otpozdravnu kadencu minulom vremenu planetarnih zvezda. Film slu\u017ei i kao simulakrum-svedok jednog javno-umetni\u010dkog imid\u017ea koji je odredio doba MTV-a i apsolutne dominacije anglo-ameri\u010dke pop scene.","breadcrumb":{"@id":"https:\/\/filmoskopija.com\/majkl-covek-iza-pop-fantazma\/#breadcrumb"},"inLanguage":"en-US","potentialAction":[{"@type":"ReadAction","target":["https:\/\/filmoskopija.com\/majkl-covek-iza-pop-fantazma\/"]}]},{"@type":"ImageObject","inLanguage":"en-US","@id":"https:\/\/filmoskopija.com\/majkl-covek-iza-pop-fantazma\/#primaryimage","url":"https:\/\/filmoskopija.com\/wp-content\/uploads\/2026\/05\/153_PBW_1180_CIN_v0018_COMP_g_r709.1025-scaled.jpg","contentUrl":"https:\/\/filmoskopija.com\/wp-content\/uploads\/2026\/05\/153_PBW_1180_CIN_v0018_COMP_g_r709.1025-scaled.jpg","width":2560,"height":1384,"caption":"majkl"},{"@type":"BreadcrumbList","@id":"https:\/\/filmoskopija.com\/majkl-covek-iza-pop-fantazma\/#breadcrumb","itemListElement":[{"@type":"ListItem","position":1,"name":"Home","item":"https:\/\/filmoskopija.com\/"},{"@type":"ListItem","position":2,"name":"Majkl: \u010covek iz(a) pop fantazma"}]},{"@type":"WebSite","@id":"https:\/\/filmoskopija.com\/#website","url":"https:\/\/filmoskopija.com\/","name":"Filmoskopija","description":"Filmske kritike, eseji, intervjui i vesti.","potentialAction":[{"@type":"SearchAction","target":{"@type":"EntryPoint","urlTemplate":"https:\/\/filmoskopija.com\/?s={search_term_string}"},"query-input":{"@type":"PropertyValueSpecification","valueRequired":true,"valueName":"search_term_string"}}],"inLanguage":"en-US"},{"@type":"Person","@id":"https:\/\/filmoskopija.com\/#\/schema\/person\/e92c24349f45ece2ffebb933847d27b4","name":"Ana \u0110o\u0161ev","image":{"@type":"ImageObject","inLanguage":"en-US","@id":"https:\/\/filmoskopija.com\/#\/schema\/person\/image\/","url":"https:\/\/filmoskopija.com\/wp-content\/uploads\/2025\/09\/cropped-a60976df-5f76-4ec5-9b84-0fabe6a8eb62-96x96.jpeg","contentUrl":"https:\/\/filmoskopija.com\/wp-content\/uploads\/2025\/09\/cropped-a60976df-5f76-4ec5-9b84-0fabe6a8eb62-96x96.jpeg","caption":"Ana \u0110o\u0161ev"},"description":"Ana \u0110o\u0161ev je studentkinja muzikologije. Bavi se pisanjem iz oblasti filma i muzike. Moderirala je razgovore sa filmskim autorima na nekoliko doma\u0107ih filmskih festivala i u\u010destvovala na vi\u0161e radionica pisane kritike u zemlji i inostranstvu. Svoje istra\u017eiva\u010dke radove na temu analize popularne muzike imala je priliku da predstavi i na internacionalnim konferencijama. Od marta 2026., saradnica je na ure\u0111ivanju Filmoskopije.","url":"https:\/\/filmoskopija.com\/en\/author\/ana_djosev\/"}]}},"_links":{"self":[{"href":"https:\/\/filmoskopija.com\/en\/wp-json\/wp\/v2\/posts\/6214","targetHints":{"allow":["GET"]}}],"collection":[{"href":"https:\/\/filmoskopija.com\/en\/wp-json\/wp\/v2\/posts"}],"about":[{"href":"https:\/\/filmoskopija.com\/en\/wp-json\/wp\/v2\/types\/post"}],"author":[{"embeddable":true,"href":"https:\/\/filmoskopija.com\/en\/wp-json\/wp\/v2\/users\/10"}],"replies":[{"embeddable":true,"href":"https:\/\/filmoskopija.com\/en\/wp-json\/wp\/v2\/comments?post=6214"}],"version-history":[{"count":6,"href":"https:\/\/filmoskopija.com\/en\/wp-json\/wp\/v2\/posts\/6214\/revisions"}],"predecessor-version":[{"id":6221,"href":"https:\/\/filmoskopija.com\/en\/wp-json\/wp\/v2\/posts\/6214\/revisions\/6221"}],"wp:featuredmedia":[{"embeddable":true,"href":"https:\/\/filmoskopija.com\/en\/wp-json\/wp\/v2\/media\/6216"}],"wp:attachment":[{"href":"https:\/\/filmoskopija.com\/en\/wp-json\/wp\/v2\/media?parent=6214"}],"wp:term":[{"taxonomy":"category","embeddable":true,"href":"https:\/\/filmoskopija.com\/en\/wp-json\/wp\/v2\/categories?post=6214"},{"taxonomy":"post_tag","embeddable":true,"href":"https:\/\/filmoskopija.com\/en\/wp-json\/wp\/v2\/tags?post=6214"}],"curies":[{"name":"wp","href":"https:\/\/api.w.org\/{rel}","templated":true}]}}